{"id":217841,"date":"2022-09-15T14:19:44","date_gmt":"2022-09-15T18:19:44","guid":{"rendered":"https:\/\/www.ocorreionews.com.br\/acervo-correio\/?p=217841"},"modified":"2022-09-15T14:19:44","modified_gmt":"2022-09-15T18:19:44","slug":"primeiros-socorros-e-tema-de-palestra-realizada-pelo-corpo-de-bombeiros-para-educadores-em-costa-rica","status":"publish","type":"post","link":"https:\/\/www.ocorreionews.com.br\/acervo-correio\/?p=217841","title":{"rendered":"Primeiros socorros \u00e9 tema de palestra realizada pelo Corpo de Bombeiros para educadores em Costa Rica"},"content":{"rendered":"<div class=\"ntc_cont_descricao_noticia sw_txteditor\">\n<div>Atendendo \u00e0 solicita\u00e7\u00e3o da SEMED (Secretaria Municipal de Educa\u00e7\u00e3o), nesta quarta-feira (14) a equipe do 19\u00ba Subgrupamento de Bombeiros Militar Independente de Costa Rica realizou uma palestra sobre primeiros socorros. O encontro aconteceu no audit\u00f3rio professora Edna Maria Jacinto da Silva.<\/p>\n<p>Ministrada pelos sargentos Guedes e Rosymare, a capacita\u00e7\u00e3o foi voltada aos professores das Salas de Recursos Multifuncionais, Profissionais de Apoio \u00e0 Educa\u00e7\u00e3o Especial, equipe Multiprofissional e convidados da APAE (Associa\u00e7\u00e3o de Pais e Amigos dos Excepcionais) que atuam nesta \u00e1rea.<\/p><\/div>\n<div>\n<img decoding=\"async\" src=\"https:\/\/www.costarica.ms.gov.br\/fotos\/e0e5c92498b4cad568a14df4df8d995c.jpg\" alt=\"Foto Noticia Principal Grande\" \/><\/div>\n<div>O treinamento, te\u00f3rico e pr\u00e1tico, abordou interven\u00e7\u00f5es que devem ser feitas em eventuais acidentes que possam acontecer durante o per\u00edodo de aula ou em outras ocasi\u00f5es, orientando as pessoas a manter a calma e agir de maneira r\u00e1pida logo ap\u00f3s o acidente ou mal s\u00fabito, visando evitar o agravamento do problema at\u00e9 que um servi\u00e7o especializado de atendimento chegue ao local.<\/p>\n<p>O 19\u00ba Subgrupamento de Bombeiros Militar Independente de Costa Rica destaca que apoia iniciativas como esta e ressalta a import\u00e2ncia de disseminar o conhecimento atrav\u00e9s de orienta\u00e7\u00f5es e instru\u00e7\u00f5es concisas para que, em diferentes situa\u00e7\u00f5es, os socorristas atendam \u00e0s v\u00edtimas com prud\u00eancia.<\/p>\n<p>A secret\u00e1ria municipal interina de Educa\u00e7\u00e3o, Maria Almeida, agradeceu a parceria e a disponibilidade da equipe do 19\u00ba Subgrupamento de Bombeiros Militar Independente de Costa Rica em abordar um assunto t\u00e3o relevante para a Educa\u00e7\u00e3o e a sociedade costarriquense.<\/p>\n<p>\u201cSitua\u00e7\u00f5es simples, como brincar com os colegas no p\u00e1tio da escola ou comer um lanche podem resultar em acidentes envolvendo crian\u00e7as e adolescentes. Isso inclui quedas, fraturas e asfixia por engasgo, por exemplo. Por essas e outras raz\u00f5es, profissionais que trabalham em escolas e nos Centros de Educa\u00e7\u00e3o Infantil precisam conhecer essas t\u00e9cnicas b\u00e1sicas de primeiros socorros, pois a a\u00e7\u00e3o r\u00e1pida deles \u00e9 indispens\u00e1vel at\u00e9 a chegada do atendimento especializado\u201d, concluiu a gestora.<\/p><\/div>\n<\/div>\n<p>&nbsp;<\/p>\n<p><img decoding=\"async\" src=\"https:\/\/www.costarica.ms.gov.br\/fotos\/fad9bf1cf40a423a71ccdba25b61a821.jpg\" alt=\"Foto Noticia Principal Grande\" \/><\/p>\n<div class=\"ntc_area_info_noticia sw_lato\">\n<div>\n<div class=\"ntc_info_noticia\"><strong class=\"sw_lato_black\">Fonte:<\/strong>Assessoria de Comunica\u00e7\u00e3o,Angela Bezerra<\/div>\n<\/div>\n<\/div>\n","protected":false},"excerpt":{"rendered":"<p>Atendendo \u00e0 solicita\u00e7\u00e3o da SEMED (Secretaria Municipal de Educa\u00e7\u00e3o), nesta quarta-feira (14) a equipe do 19\u00ba Subgrupamento de Bombeiros Militar Independente de Costa Rica realizou uma palestra sobre primeiros socorros. O encontro aconteceu no audit\u00f3rio professora Edna Maria Jacinto da Silva. Ministrada pelos sargentos Guedes e Rosymare, a capacita\u00e7\u00e3o foi voltada aos professores das Salas [&hellip;]<\/p>\n","protected":false},"author":5,"featured_media":217842,"comment_status":"closed","ping_status":"closed","sticky":false,"template":"","format":"standard","meta":{"footnotes":""},"categories":[25],"tags":[],"class_list":["post-217841","post","type-post","status-publish","format-standard","has-post-thumbnail","hentry","category-costa-rica"],"_links":{"self":[{"href":"https:\/\/www.ocorreionews.com.br\/acervo-correio\/index.php?rest_route=\/wp\/v2\/posts\/217841","targetHints":{"allow":["GET"]}}],"collection":[{"href":"https:\/\/www.ocorreionews.com.br\/acervo-correio\/index.php?rest_route=\/wp\/v2\/posts"}],"about":[{"href":"https:\/\/www.ocorreionews.com.br\/acervo-correio\/index.php?rest_route=\/wp\/v2\/types\/post"}],"author":[{"embeddable":true,"href":"https:\/\/www.ocorreionews.com.br\/acervo-correio\/index.php?rest_route=\/wp\/v2\/users\/5"}],"replies":[{"embeddable":true,"href":"https:\/\/www.ocorreionews.com.br\/acervo-correio\/index.php?rest_route=%2Fwp%2Fv2%2Fcomments&post=217841"}],"version-history":[{"count":1,"href":"https:\/\/www.ocorreionews.com.br\/acervo-correio\/index.php?rest_route=\/wp\/v2\/posts\/217841\/revisions"}],"predecessor-version":[{"id":217843,"href":"https:\/\/www.ocorreionews.com.br\/acervo-correio\/index.php?rest_route=\/wp\/v2\/posts\/217841\/revisions\/217843"}],"wp:featuredmedia":[{"embeddable":true,"href":"https:\/\/www.ocorreionews.com.br\/acervo-correio\/index.php?rest_route=\/wp\/v2\/media\/217842"}],"wp:attachment":[{"href":"https:\/\/www.ocorreionews.com.br\/acervo-correio\/index.php?rest_route=%2Fwp%2Fv2%2Fmedia&parent=217841"}],"wp:term":[{"taxonomy":"category","embeddable":true,"href":"https:\/\/www.ocorreionews.com.br\/acervo-correio\/index.php?rest_route=%2Fwp%2Fv2%2Fcategories&post=217841"},{"taxonomy":"post_tag","embeddable":true,"href":"https:\/\/www.ocorreionews.com.br\/acervo-correio\/index.php?rest_route=%2Fwp%2Fv2%2Ftags&post=217841"}],"curies":[{"name":"wp","href":"https:\/\/api.w.org\/{rel}","templated":true}]}}