{"id":21849,"date":"2016-03-03T08:18:32","date_gmt":"2016-03-03T12:18:32","guid":{"rendered":"https:\/\/ocorreionews.com.br\/?p=21849"},"modified":"2016-03-03T08:18:32","modified_gmt":"2016-03-03T12:18:32","slug":"amigos-sao-atropelados-e-mortos-por-trem-quando-conversavam-em-trilho-em-aparecida-do-taboado","status":"publish","type":"post","link":"https:\/\/www.ocorreionews.com.br\/acervo-correio\/?p=21849","title":{"rendered":"Amigos s\u00e3o atropelados e mortos por trem quando conversavam em trilho em Aparecida do Taboado"},"content":{"rendered":"<p>Os amigos Jacinto Divino Nunes, 56 anos, e Wilson Get\u00falio de Freitas, 57, morreram atropelados por trem quando conversavam, sentados, em trilho, na cidade de Aparecida do Taboado, por volta das 17h40min de ontem (2).<\/p>\n<p>De acordo com informa\u00e7\u00f5es do Boletim de Ocorr\u00eancia, registrado j\u00e1 no fim da noite, o maquinista contou que seguia a 72 quil\u00f4metros por hora e a cerca de 800 metros antes do local do atropelamento\u00a0visualizou as v\u00edtimas, sentadas uma de frente para a outra, parece que conversando.<\/p>\n<p>O maquinista defendeu \u00e0 pol\u00edcia que tentou alertar os homens, com sinais sonoros e chegou a acionar a alavanca de emerg\u00eancia para frear. Viu quando um dos amigos cutucou o outro e apontou para o trem, mas nenhum deles conseguiu se levantar a tempo de se salvar.<\/p>\n<p>O operador da m\u00e1quina contou que havia sa\u00eddo da cidade de Chapad\u00e3o do Sul e seguiria para Santa F\u00e9 do Sul, em S\u00e3o Paulo. O trem era composto por 76 vag\u00f5es que estavam carregados, cujo produto n\u00e3o foi relacionado no registro sobre o caso, elaborado como morte a esclarecer.<\/p>\n<p>&nbsp;<\/p>\n<p>&nbsp;<\/p>\n<p>Correio do Estado &#8211; Foto Ilustrativa<\/p>\n","protected":false},"excerpt":{"rendered":"<p>Os amigos Jacinto Divino Nunes, 56 anos, e Wilson Get\u00falio de Freitas, 57, morreram atropelados por trem quando conversavam, sentados, em trilho, na cidade de Aparecida do Taboado, por volta das 17h40min de ontem (2). De acordo com informa\u00e7\u00f5es do Boletim de Ocorr\u00eancia, registrado j\u00e1 no fim da noite, o maquinista contou que seguia a [&hellip;]<\/p>\n","protected":false},"author":4,"featured_media":21850,"comment_status":"closed","ping_status":"closed","sticky":false,"template":"","format":"standard","meta":{"footnotes":""},"categories":[38],"tags":[],"class_list":["post-21849","post","type-post","status-publish","format-standard","has-post-thumbnail","hentry","category-policia"],"_links":{"self":[{"href":"https:\/\/www.ocorreionews.com.br\/acervo-correio\/index.php?rest_route=\/wp\/v2\/posts\/21849","targetHints":{"allow":["GET"]}}],"collection":[{"href":"https:\/\/www.ocorreionews.com.br\/acervo-correio\/index.php?rest_route=\/wp\/v2\/posts"}],"about":[{"href":"https:\/\/www.ocorreionews.com.br\/acervo-correio\/index.php?rest_route=\/wp\/v2\/types\/post"}],"author":[{"embeddable":true,"href":"https:\/\/www.ocorreionews.com.br\/acervo-correio\/index.php?rest_route=\/wp\/v2\/users\/4"}],"replies":[{"embeddable":true,"href":"https:\/\/www.ocorreionews.com.br\/acervo-correio\/index.php?rest_route=%2Fwp%2Fv2%2Fcomments&post=21849"}],"version-history":[{"count":0,"href":"https:\/\/www.ocorreionews.com.br\/acervo-correio\/index.php?rest_route=\/wp\/v2\/posts\/21849\/revisions"}],"wp:featuredmedia":[{"embeddable":true,"href":"https:\/\/www.ocorreionews.com.br\/acervo-correio\/index.php?rest_route=\/wp\/v2\/media\/21850"}],"wp:attachment":[{"href":"https:\/\/www.ocorreionews.com.br\/acervo-correio\/index.php?rest_route=%2Fwp%2Fv2%2Fmedia&parent=21849"}],"wp:term":[{"taxonomy":"category","embeddable":true,"href":"https:\/\/www.ocorreionews.com.br\/acervo-correio\/index.php?rest_route=%2Fwp%2Fv2%2Fcategories&post=21849"},{"taxonomy":"post_tag","embeddable":true,"href":"https:\/\/www.ocorreionews.com.br\/acervo-correio\/index.php?rest_route=%2Fwp%2Fv2%2Ftags&post=21849"}],"curies":[{"name":"wp","href":"https:\/\/api.w.org\/{rel}","templated":true}]}}