{"id":21860,"date":"2016-03-03T08:20:23","date_gmt":"2016-03-03T12:20:23","guid":{"rendered":"https:\/\/ocorreionews.com.br\/?p=21860"},"modified":"2016-03-03T08:54:58","modified_gmt":"2016-03-03T12:54:58","slug":"confira-as-vagas-e-horarios-ainda-disponiveis-para-o-projeto-musica-e-arte","status":"publish","type":"post","link":"https:\/\/www.ocorreionews.com.br\/acervo-correio\/?p=21860","title":{"rendered":"Confira as vagas e hor\u00e1rios ainda dispon\u00edveis para o Projeto M\u00fasica e Arte"},"content":{"rendered":"<p>A Secretaria de Esportes Cultura e Lazer comunica aos interessados\u00a0que as matriculas para as aulas de canto e viol\u00e3o, do projeto M\u00fasica e Arte, referente aos s\u00e1bados, poder\u00e1 ser feitas at\u00e9 sexta-feira (04). Podem participar adolescentes e adultos.<\/p>\n<p>Aula espec\u00edfica de viol\u00e3o, somente \u00e0s segundas- feiras.<\/p>\n<p>Confira os hor\u00e1rios de cada dia:<\/p>\n<p>&#8211; Segunda-feira a partir das 19 \u00e0s 20 horas.<\/p>\n<p>&#8211; S\u00e1bado primeiro hor\u00e1rio das 07 \u00e0s 08 horas.<\/p>\n<p>&#8211; S\u00e1bado segundo hor\u00e1rio das 13 \u00e0s 14 horas<\/p>\n<p>&#8211; S\u00e1bado terceiro hor\u00e1rio das 14 \u00e0s 15 horas.<\/p>\n<p>Aula de canto no s\u00e1bado a parti das 15 at\u00e9 \u00e0s 16 horas.<\/p>\n<p>Para a categoria crian\u00e7as e adolescentes as matriculas ser\u00e3o ofertadas at\u00e9 o dia 10 do corrente m\u00eas.<\/p>\n<p>Os hor\u00e1rios publicados na mat\u00e9ria s\u00e3o referentes ao hor\u00e1rio oficial do Estado de Mato Grosso do Sul.<\/p>\n<p>Confira as modalidades e vagas dispon\u00edveis:<\/p>\n<p>&#8211; UKULELE \u2013 per\u00edodo matutino 12 vagas (Professor Daniel)<\/p>\n<p>&#8211; Viol\u00e3o Iniciante \u2013 matutino 20 vagas (Professor Marcos)<\/p>\n<p>&#8211; viol\u00e3o iniciante \u2013 matutino 20 vagas (Professor Martin)<\/p>\n<p>&#8211; Guitarra iniciante \u2013 matutino 12 vagas (Professor Daniel)<\/p>\n<p>&#8211; Flauta Soprano \u2013 20 vagas (Professora Janaina)<\/p>\n<p>&#8211; Contra Baixo \u2013 4 vagas (Professor Daniel)<\/p>\n<p>&#8211; Violino Iniciante \u2013 10 vagas (Professora Janaina)<\/p>\n<p>&#8211; Canto matutino \u2013 10 vagas (Professora Janaina)<\/p>\n<p>&#8211; Canto matutino \u2013 10 vagas (Professor Martin).<\/p>\n<p>Para maiores informa\u00e7\u00f5es est\u00e1 dispon\u00edvel o telefone (67) 3562-4146.<\/p>\n<p>*<em>Andr\u00e9 R. Anjos<\/em>*<\/p>\n","protected":false},"excerpt":{"rendered":"<p>A Secretaria de Esportes Cultura e Lazer comunica aos interessados\u00a0que as matriculas para as aulas de canto e viol\u00e3o, do projeto M\u00fasica e Arte, referente aos s\u00e1bados, poder\u00e1 ser feitas at\u00e9 sexta-feira (04). Podem participar adolescentes e adultos. Aula espec\u00edfica de viol\u00e3o, somente \u00e0s segundas- feiras. Confira os hor\u00e1rios de cada dia: &#8211; Segunda-feira a [&hellip;]<\/p>\n","protected":false},"author":4,"featured_media":18097,"comment_status":"closed","ping_status":"closed","sticky":false,"template":"","format":"standard","meta":{"footnotes":""},"categories":[23],"tags":[],"class_list":["post-21860","post","type-post","status-publish","format-standard","has-post-thumbnail","hentry","category-chapadao-do-sul"],"_links":{"self":[{"href":"https:\/\/www.ocorreionews.com.br\/acervo-correio\/index.php?rest_route=\/wp\/v2\/posts\/21860","targetHints":{"allow":["GET"]}}],"collection":[{"href":"https:\/\/www.ocorreionews.com.br\/acervo-correio\/index.php?rest_route=\/wp\/v2\/posts"}],"about":[{"href":"https:\/\/www.ocorreionews.com.br\/acervo-correio\/index.php?rest_route=\/wp\/v2\/types\/post"}],"author":[{"embeddable":true,"href":"https:\/\/www.ocorreionews.com.br\/acervo-correio\/index.php?rest_route=\/wp\/v2\/users\/4"}],"replies":[{"embeddable":true,"href":"https:\/\/www.ocorreionews.com.br\/acervo-correio\/index.php?rest_route=%2Fwp%2Fv2%2Fcomments&post=21860"}],"version-history":[{"count":0,"href":"https:\/\/www.ocorreionews.com.br\/acervo-correio\/index.php?rest_route=\/wp\/v2\/posts\/21860\/revisions"}],"wp:featuredmedia":[{"embeddable":true,"href":"https:\/\/www.ocorreionews.com.br\/acervo-correio\/index.php?rest_route=\/wp\/v2\/media\/18097"}],"wp:attachment":[{"href":"https:\/\/www.ocorreionews.com.br\/acervo-correio\/index.php?rest_route=%2Fwp%2Fv2%2Fmedia&parent=21860"}],"wp:term":[{"taxonomy":"category","embeddable":true,"href":"https:\/\/www.ocorreionews.com.br\/acervo-correio\/index.php?rest_route=%2Fwp%2Fv2%2Fcategories&post=21860"},{"taxonomy":"post_tag","embeddable":true,"href":"https:\/\/www.ocorreionews.com.br\/acervo-correio\/index.php?rest_route=%2Fwp%2Fv2%2Ftags&post=21860"}],"curies":[{"name":"wp","href":"https:\/\/api.w.org\/{rel}","templated":true}]}}