{"id":21865,"date":"2016-03-03T09:15:33","date_gmt":"2016-03-03T13:15:33","guid":{"rendered":"https:\/\/ocorreionews.com.br\/?p=21865"},"modified":"2016-03-03T09:17:58","modified_gmt":"2016-03-03T13:17:58","slug":"humberto-e-ronaldo-confirmado-para-abertura-da-24-exposul","status":"publish","type":"post","link":"https:\/\/www.ocorreionews.com.br\/acervo-correio\/?p=21865","title":{"rendered":"Humberto e Ronaldo confirmados para abertura da 24\u00b0 Exposul"},"content":{"rendered":"<p>O presidente do Sindicato Rural de Chapad\u00e3o do Sul Rudimar Borgelt confirmou na na manh\u00e3 desta quinta-feira (03), o show de abertura da 24\u00b0 Exposul que ir\u00e1 acontecer de 01 a 05 de junho de 2016, o show ser\u00e1 da dupla sertaneja Humberto e Ronaldo acontecer\u00e1 na quarta-feira (01).<\/p>\n<p>Confira os shows que j\u00e1 foram confirmados para Exposul deste ano:<\/p>\n<p>Dia 01 (quarta-feira) Humberto e Ronaldo.<\/p>\n<p>Dia 02 (quinta-feira) Pedro Paulo e Alex.<\/p>\n<p>Dia 03 (sexta-feira) Claudia Leite.<\/p>\n<p>O Sindicato Rural tamb\u00e9m confirmou que est\u00e3o fechados os dois narradores para o rodeio da Exposul, ser\u00e3o eles M\u00e1rcio Alexandre e Henrique Soares. Al\u00e9m dos narradores, est\u00e1 confirmado o Palha\u00e7o Juca para animar o publico durante o rodeio em touros e cavalos.<\/p>\n","protected":false},"excerpt":{"rendered":"<p>O presidente do Sindicato Rural de Chapad\u00e3o do Sul Rudimar Borgelt confirmou na na manh\u00e3 desta quinta-feira (03), o show de abertura da 24\u00b0 Exposul que ir\u00e1 acontecer de 01 a 05 de junho de 2016, o show ser\u00e1 da dupla sertaneja Humberto e Ronaldo acontecer\u00e1 na quarta-feira (01). Confira os shows que j\u00e1 foram [&hellip;]<\/p>\n","protected":false},"author":4,"featured_media":21869,"comment_status":"closed","ping_status":"closed","sticky":false,"template":"","format":"standard","meta":{"footnotes":""},"categories":[23],"tags":[],"class_list":["post-21865","post","type-post","status-publish","format-standard","has-post-thumbnail","hentry","category-chapadao-do-sul"],"_links":{"self":[{"href":"https:\/\/www.ocorreionews.com.br\/acervo-correio\/index.php?rest_route=\/wp\/v2\/posts\/21865","targetHints":{"allow":["GET"]}}],"collection":[{"href":"https:\/\/www.ocorreionews.com.br\/acervo-correio\/index.php?rest_route=\/wp\/v2\/posts"}],"about":[{"href":"https:\/\/www.ocorreionews.com.br\/acervo-correio\/index.php?rest_route=\/wp\/v2\/types\/post"}],"author":[{"embeddable":true,"href":"https:\/\/www.ocorreionews.com.br\/acervo-correio\/index.php?rest_route=\/wp\/v2\/users\/4"}],"replies":[{"embeddable":true,"href":"https:\/\/www.ocorreionews.com.br\/acervo-correio\/index.php?rest_route=%2Fwp%2Fv2%2Fcomments&post=21865"}],"version-history":[{"count":0,"href":"https:\/\/www.ocorreionews.com.br\/acervo-correio\/index.php?rest_route=\/wp\/v2\/posts\/21865\/revisions"}],"wp:featuredmedia":[{"embeddable":true,"href":"https:\/\/www.ocorreionews.com.br\/acervo-correio\/index.php?rest_route=\/wp\/v2\/media\/21869"}],"wp:attachment":[{"href":"https:\/\/www.ocorreionews.com.br\/acervo-correio\/index.php?rest_route=%2Fwp%2Fv2%2Fmedia&parent=21865"}],"wp:term":[{"taxonomy":"category","embeddable":true,"href":"https:\/\/www.ocorreionews.com.br\/acervo-correio\/index.php?rest_route=%2Fwp%2Fv2%2Fcategories&post=21865"},{"taxonomy":"post_tag","embeddable":true,"href":"https:\/\/www.ocorreionews.com.br\/acervo-correio\/index.php?rest_route=%2Fwp%2Fv2%2Ftags&post=21865"}],"curies":[{"name":"wp","href":"https:\/\/api.w.org\/{rel}","templated":true}]}}