{"id":218723,"date":"2022-09-25T08:58:43","date_gmt":"2022-09-25T12:58:43","guid":{"rendered":"https:\/\/www.ocorreionews.com.br\/acervo-correio\/?p=218723"},"modified":"2022-09-25T08:58:43","modified_gmt":"2022-09-25T12:58:43","slug":"acidente-entre-carro-e-caminhonete-mata-professor-da-rede-estadual-na-ms-162","status":"publish","type":"post","link":"https:\/\/www.ocorreionews.com.br\/acervo-correio\/?p=218723","title":{"rendered":"Acidente entre carro e caminhonete mata professor da rede estadual na MS-162"},"content":{"rendered":"<p>Andrey Silva J\u00falio, professor de educa\u00e7\u00e3o f\u00edsica da Escola Estadual Ant\u00f4nio Valadares, em Terenos, morreu em um acidente de tr\u00e2nsito por volta das 18h deste s\u00e1bado (24) na MS-162, pr\u00f3ximo \u00e0 entrada de Dois Irm\u00e3os do Buriti, cidade a 115 quil\u00f4metros de Campo Grande. As circunst\u00e2ncias e din\u00e2micas da colis\u00e3o est\u00e3o sendo apuradas pela pol\u00edcia.<\/p>\n<p>O acidente envolveu uma caminhonete Mitsubishi L200 Triton prata com placas de Campo Grande e um Fiat Argo, de cor branca e placas de Terenos, conduzido pelo professor que morreu no local. Informa\u00e7\u00f5es s\u00e3o a de que Andrey seguia para casa de conhecidos em Dois Irm\u00e3os.<\/p>\n<p>J\u00e1 o motorista da Mitsubishi L200 seria de Sidrol\u00e2ndia. Ele foi levado sem ferimentos graves para atendimento.<\/p>\n<p>Andrey faleceu preso nas ferragens do carro. Diversos socorristas e o Corpo de Bombeiros foram acionados para a ocorr\u00eancia, publicou O Panteneiro. A Pol\u00edcia Civil e Pol\u00edcia Militar de Dois Irm\u00e3os do Buriti tamb\u00e9m foram ao local.<\/p>\n<figure id=\"attachment_218728\" aria-describedby=\"caption-attachment-218728\" style=\"width: 601px\" class=\"wp-caption alignnone\"><a href=\"https:\/\/www.ocorreionews.com.br\/acervo-correio\/wp-content\/uploads\/2022\/09\/andrey-1024x722.jpg.webp\"><img loading=\"lazy\" decoding=\"async\" class=\" wp-image-218728\" src=\"https:\/\/www.ocorreionews.com.br\/acervo-correio\/wp-content\/uploads\/2022\/09\/andrey-1024x722.jpg.webp\" alt=\"\" width=\"601\" height=\"424\" srcset=\"https:\/\/www.ocorreionews.com.br\/acervo-correio\/wp-content\/uploads\/2022\/09\/andrey-1024x722.jpg.webp 1024w, https:\/\/www.ocorreionews.com.br\/acervo-correio\/wp-content\/uploads\/2022\/09\/andrey-1024x722.jpg-300x212.webp 300w, https:\/\/www.ocorreionews.com.br\/acervo-correio\/wp-content\/uploads\/2022\/09\/andrey-1024x722.jpg-768x542.webp 768w\" sizes=\"auto, (max-width: 601px) 100vw, 601px\" \/><\/a><figcaption id=\"caption-attachment-218728\" class=\"wp-caption-text\">Andrey lecionava educa\u00e7\u00e3o f\u00edsica na Escola Estadual Ant\u00f4nio Valadares (Arquivo pessoal)<\/figcaption><\/figure>\n<figure id=\"attachment_218727\" aria-describedby=\"caption-attachment-218727\" style=\"width: 596px\" class=\"wp-caption aligncenter\"><a href=\"https:\/\/www.ocorreionews.com.br\/acervo-correio\/wp-content\/uploads\/2022\/09\/acdnt2-1024x527.jpg.webp\"><img loading=\"lazy\" decoding=\"async\" class=\"wp-image-218727\" src=\"https:\/\/www.ocorreionews.com.br\/acervo-correio\/wp-content\/uploads\/2022\/09\/acdnt2-1024x527.jpg.webp\" alt=\"\" width=\"596\" height=\"307\" srcset=\"https:\/\/www.ocorreionews.com.br\/acervo-correio\/wp-content\/uploads\/2022\/09\/acdnt2-1024x527.jpg.webp 800w, https:\/\/www.ocorreionews.com.br\/acervo-correio\/wp-content\/uploads\/2022\/09\/acdnt2-1024x527.jpg-300x155.webp 300w, https:\/\/www.ocorreionews.com.br\/acervo-correio\/wp-content\/uploads\/2022\/09\/acdnt2-1024x527.jpg-768x396.webp 768w\" sizes=\"auto, (max-width: 596px) 100vw, 596px\" \/><\/a><figcaption id=\"caption-attachment-218727\" class=\"wp-caption-text\">Carro do professor fora da pista, ele faleceu preso nas ferragens (Foto: O Pantaneiro)<\/figcaption><\/figure>\n<p>&nbsp;<\/p>\n<div class=\"elementor-element elementor-element-1944f35 post-author elementor-widget__width-auto elementor-widget elementor-widget-shortcode\" data-id=\"1944f35\" data-element_type=\"widget\" data-widget_type=\"shortcode.default\">\n<div class=\"elementor-widget-container\">\n<div class=\"elementor-shortcode\">Midiamax &#8211; Diego Alves<\/div>\n<\/div>\n<\/div>\n<div class=\"elementor-element elementor-element-ec9eab2 elementor-widget__width-auto elementor-widget elementor-widget-text-editor\" data-id=\"ec9eab2\" data-element_type=\"widget\" data-widget_type=\"text-editor.default\">\n<div class=\"elementor-widget-container\"><\/div>\n<\/div>\n","protected":false},"excerpt":{"rendered":"<p>Andrey Silva J\u00falio, professor de educa\u00e7\u00e3o f\u00edsica da Escola Estadual Ant\u00f4nio Valadares, em Terenos, morreu em um acidente de tr\u00e2nsito por volta das 18h deste s\u00e1bado (24) na MS-162, pr\u00f3ximo \u00e0 entrada de Dois Irm\u00e3os do Buriti, cidade a 115 quil\u00f4metros de Campo Grande. As circunst\u00e2ncias e din\u00e2micas da colis\u00e3o est\u00e3o sendo apuradas pela pol\u00edcia. [&hellip;]<\/p>\n","protected":false},"author":5,"featured_media":218726,"comment_status":"closed","ping_status":"closed","sticky":false,"template":"","format":"standard","meta":{"footnotes":""},"categories":[38],"tags":[],"class_list":["post-218723","post","type-post","status-publish","format-standard","has-post-thumbnail","hentry","category-policia"],"_links":{"self":[{"href":"https:\/\/www.ocorreionews.com.br\/acervo-correio\/index.php?rest_route=\/wp\/v2\/posts\/218723","targetHints":{"allow":["GET"]}}],"collection":[{"href":"https:\/\/www.ocorreionews.com.br\/acervo-correio\/index.php?rest_route=\/wp\/v2\/posts"}],"about":[{"href":"https:\/\/www.ocorreionews.com.br\/acervo-correio\/index.php?rest_route=\/wp\/v2\/types\/post"}],"author":[{"embeddable":true,"href":"https:\/\/www.ocorreionews.com.br\/acervo-correio\/index.php?rest_route=\/wp\/v2\/users\/5"}],"replies":[{"embeddable":true,"href":"https:\/\/www.ocorreionews.com.br\/acervo-correio\/index.php?rest_route=%2Fwp%2Fv2%2Fcomments&post=218723"}],"version-history":[{"count":1,"href":"https:\/\/www.ocorreionews.com.br\/acervo-correio\/index.php?rest_route=\/wp\/v2\/posts\/218723\/revisions"}],"predecessor-version":[{"id":218729,"href":"https:\/\/www.ocorreionews.com.br\/acervo-correio\/index.php?rest_route=\/wp\/v2\/posts\/218723\/revisions\/218729"}],"wp:featuredmedia":[{"embeddable":true,"href":"https:\/\/www.ocorreionews.com.br\/acervo-correio\/index.php?rest_route=\/wp\/v2\/media\/218726"}],"wp:attachment":[{"href":"https:\/\/www.ocorreionews.com.br\/acervo-correio\/index.php?rest_route=%2Fwp%2Fv2%2Fmedia&parent=218723"}],"wp:term":[{"taxonomy":"category","embeddable":true,"href":"https:\/\/www.ocorreionews.com.br\/acervo-correio\/index.php?rest_route=%2Fwp%2Fv2%2Fcategories&post=218723"},{"taxonomy":"post_tag","embeddable":true,"href":"https:\/\/www.ocorreionews.com.br\/acervo-correio\/index.php?rest_route=%2Fwp%2Fv2%2Ftags&post=218723"}],"curies":[{"name":"wp","href":"https:\/\/api.w.org\/{rel}","templated":true}]}}