{"id":21873,"date":"2016-03-03T09:30:39","date_gmt":"2016-03-03T13:30:39","guid":{"rendered":"https:\/\/ocorreionews.com.br\/?p=21873"},"modified":"2016-03-03T09:30:39","modified_gmt":"2016-03-03T13:30:39","slug":"assassino-de-paraisense-se-entregou-a-policia-e-vai-respondera-pelo-crime-em-liberdade","status":"publish","type":"post","link":"https:\/\/www.ocorreionews.com.br\/acervo-correio\/?p=21873","title":{"rendered":"Assassino de Para\u00edsense se entregou \u00e0 pol\u00edcia e vai responder\u00e1 pelo crime em liberdade"},"content":{"rendered":"<p>Foi com muita tristeza que a fam\u00edlia de Jair Andrade da Silva, recebeu a not\u00edcia de que seu assassino havia se entregado \u00e0 pol\u00edcia e um sentimento de impunidade ao saber que ele responder\u00e1 pelo crime em liberdade.<\/p>\n<p>O operador de m\u00e1quinas, Luiz Pereira de Carvalho, 45 anos, acompanhado de seu advogado se apresentou na delegacia de Pol\u00edcia Civil no munic\u00edpio de Itiquira (MT), nesta quarta-feira (2). No interrogat\u00f3rio conduzido pelo delegado Dr. Santiago Rozendo Sanches, o assassino contou que agiu por ci\u00fames. Ele acreditava que a vitima e sua companheira A.C.S, 35 anos, estivessem trocando olhares em uma festa de anivers\u00e1rio que participavam no distrito de Ouro Branco do Sul (MT). Ap\u00f3s uma discuss\u00e3o com sua companheira, Luiz disse que foi embora para sua resid\u00eancia que fica h\u00e1 aproximadamente 10 quil\u00f4metros de onde estava, ficou de espreita aguardando a chegada de A.C.S.<\/p>\n<p>Luiz relatou que sua companheira chegou a sua resid\u00eancia acompanhada da vitima, momento em que sua suspeita se confirmou e irritado com a situa\u00e7\u00e3o, em posse de uma espingarda calibre 28, disparou contra \u00e1 vitima, que estava no interior de seu ve\u00edculo, um Honda Civic, de cor preta.<\/p>\n<p>Ap\u00f3s disparar, Luiz evadiu-se do local e empreendeu fuga. \u00c1 vitima morreu no local.<\/p>\n<p>A per\u00edcia foi realizada pela equipe da Per\u00edcia Oficial e Identifica\u00e7\u00e3o T\u00e9cnica (Politec) e o corpo da vitima passou por exame necrosc\u00f3pico no Instituto M\u00e9dico Odontol\u00f3gico Legal (IML) de Rondon\u00f3polis (MT).<\/p>\n<figure id=\"attachment_21817\" aria-describedby=\"caption-attachment-21817\" style=\"width: 566px\" class=\"wp-caption alignnone\"><a href=\"https:\/\/ocorreionews.com.br\/wp-content\/uploads\/2016\/03\/assassino-jair-pereira.jpg\" rel=\"attachment wp-att-21817\"><img loading=\"lazy\" decoding=\"async\" class=\"wp-image-21817 size-full\" src=\"https:\/\/ocorreionews.com.br\/wp-content\/uploads\/2016\/03\/assassino-jair-pereira.jpg\" alt=\"assassino jair pereira\" width=\"566\" height=\"449\" srcset=\"https:\/\/www.ocorreionews.com.br\/acervo-correio\/wp-content\/uploads\/2016\/03\/assassino-jair-pereira.jpg 566w, https:\/\/www.ocorreionews.com.br\/acervo-correio\/wp-content\/uploads\/2016\/03\/assassino-jair-pereira-300x238.jpg 300w\" sizes=\"auto, (max-width: 566px) 100vw, 566px\" \/><\/a><figcaption id=\"caption-attachment-21817\" class=\"wp-caption-text\">Foto de Luiz Pereira de Carvalho, acusado pelo assassinato de Jair Andrade (Foto: Arquivo Pessoal)<\/figcaption><\/figure>\n<p>&nbsp;<\/p>\n<p>O assassino estava sendo procurado pela pol\u00edcia, mas se apresentou, foi ouvido e liberado. Luiz responder\u00e1 pelo crime de homic\u00eddio doloso em liberdade.\u00a0<em>&#8220;Como n\u00e3o possui passagens pela pol\u00edcia, possui resid\u00eancia fixa e colaborou com as investiga\u00e7\u00f5es, tem o direito de responder o crime em liberdade&#8221;<\/em>, informou o delegado Dr. Santiago.<\/p>\n<p>Era Jair Andrade um jovem trabalhador, muito querido tanto no distrito de Ouro Branco do Sul onde residia h\u00e1 mais de 10 anos, quanto em Para\u00edso das \u00c1guas onde nasceu e se criou. De fam\u00edlia tradicional em Para\u00edso das \u00c1guas, Jair Andrade durante sua exist\u00eancia cultivou uma grande amizade com todos e sempre fazia a alegria das pessoas que estavam \u00e0 sua volta.<\/p>\n<p>Familiares e amigos expressaram sua tristeza, indigna\u00e7\u00e3o e revolta em suas p\u00e1ginas pessoais nas redes sociais. Uma delas, diz n\u00e3o acreditar que uma pessoa com o cora\u00e7\u00e3o t\u00e3o nobre e gentil tenha sido vitima de um crime t\u00e3o covarde e brutal. J\u00e1 outra pessoa, disse que a justi\u00e7a da terra n\u00e3o funciona como deveria, mas a justi\u00e7a divina n\u00e3o falha.<\/p>\n<p>Na despedida, uma como\u00e7\u00e3o generalizada. Desespero tomou conta da fam\u00edlia e amigos. O corpo de Jair foi velado durante uma hora em Ouro Branco do Sul, o restante do vel\u00f3rio e o sepultamento se deu em Para\u00edso das \u00c1guas, \u00e0s 14h do dia 1\u00ba de mar\u00e7o.<\/p>\n<p>A fam\u00edlia de Jair espera que pelo menos o acusado pague na justi\u00e7a o que fez em desfavor da vida do jovem.<\/p>\n<p>&nbsp;<\/p>\n<p>&nbsp;<\/p>\n<p>Fonte: Brito News<\/p>\n","protected":false},"excerpt":{"rendered":"<p>Foi com muita tristeza que a fam\u00edlia de Jair Andrade da Silva, recebeu a not\u00edcia de que seu assassino havia se entregado \u00e0 pol\u00edcia e um sentimento de impunidade ao saber que ele responder\u00e1 pelo crime em liberdade. O operador de m\u00e1quinas, Luiz Pereira de Carvalho, 45 anos, acompanhado de seu advogado se apresentou na [&hellip;]<\/p>\n","protected":false},"author":4,"featured_media":21525,"comment_status":"closed","ping_status":"closed","sticky":false,"template":"","format":"standard","meta":{"footnotes":""},"categories":[36,38],"tags":[],"class_list":["post-21873","post","type-post","status-publish","format-standard","has-post-thumbnail","hentry","category-paraiso-das-aguas","category-policia"],"_links":{"self":[{"href":"https:\/\/www.ocorreionews.com.br\/acervo-correio\/index.php?rest_route=\/wp\/v2\/posts\/21873","targetHints":{"allow":["GET"]}}],"collection":[{"href":"https:\/\/www.ocorreionews.com.br\/acervo-correio\/index.php?rest_route=\/wp\/v2\/posts"}],"about":[{"href":"https:\/\/www.ocorreionews.com.br\/acervo-correio\/index.php?rest_route=\/wp\/v2\/types\/post"}],"author":[{"embeddable":true,"href":"https:\/\/www.ocorreionews.com.br\/acervo-correio\/index.php?rest_route=\/wp\/v2\/users\/4"}],"replies":[{"embeddable":true,"href":"https:\/\/www.ocorreionews.com.br\/acervo-correio\/index.php?rest_route=%2Fwp%2Fv2%2Fcomments&post=21873"}],"version-history":[{"count":0,"href":"https:\/\/www.ocorreionews.com.br\/acervo-correio\/index.php?rest_route=\/wp\/v2\/posts\/21873\/revisions"}],"wp:featuredmedia":[{"embeddable":true,"href":"https:\/\/www.ocorreionews.com.br\/acervo-correio\/index.php?rest_route=\/wp\/v2\/media\/21525"}],"wp:attachment":[{"href":"https:\/\/www.ocorreionews.com.br\/acervo-correio\/index.php?rest_route=%2Fwp%2Fv2%2Fmedia&parent=21873"}],"wp:term":[{"taxonomy":"category","embeddable":true,"href":"https:\/\/www.ocorreionews.com.br\/acervo-correio\/index.php?rest_route=%2Fwp%2Fv2%2Fcategories&post=21873"},{"taxonomy":"post_tag","embeddable":true,"href":"https:\/\/www.ocorreionews.com.br\/acervo-correio\/index.php?rest_route=%2Fwp%2Fv2%2Ftags&post=21873"}],"curies":[{"name":"wp","href":"https:\/\/api.w.org\/{rel}","templated":true}]}}