{"id":218733,"date":"2022-09-25T09:15:15","date_gmt":"2022-09-25T13:15:15","guid":{"rendered":"https:\/\/www.ocorreionews.com.br\/acervo-correio\/?p=218733"},"modified":"2022-09-25T09:15:15","modified_gmt":"2022-09-25T13:15:15","slug":"acidente-entre-duas-caminhonetes-deixa-cinco-pessoas-mortas-e-tres-feridas-na-br-163-em-mt","status":"publish","type":"post","link":"https:\/\/www.ocorreionews.com.br\/acervo-correio\/?p=218733","title":{"rendered":"Acidente entre duas caminhonetes deixa cinco pessoas mortas e tr\u00eas feridas na BR-163 em MT"},"content":{"rendered":"<div class=\"mc-column content-text active-extra-styles \" data-block-type=\"unstyled\" data-block-weight=\"50\" data-block-id=\"3\">\n<p class=\"content-text__container \" data-track-category=\"Link no Texto\" data-track-links=\"\">Um acidente entre duas caminhonetes na noite dessa sexta-feira (23), na BR-163, no km 879, entre os munic\u00edpios de Sinop e Ita\u00faba, deixou cinco pessoas mortas e outras tr\u00eas ficaram feridas. Conforme a Pol\u00edcia Civil, os motoristas dos dois ve\u00edculos e uma crian\u00e7a foram encaminhados ao hospital e est\u00e3o internados.<\/p>\n<p data-track-category=\"Link no Texto\" data-track-links=\"\">\n<\/div>\n<div class=\"wall protected-content\">\n<div class=\"mc-column content-text active-extra-styles \" data-block-type=\"unstyled\" data-block-weight=\"10\" data-block-id=\"4\">\n<p class=\"content-text__container \" data-track-category=\"Link no Texto\" data-track-links=\"\">A pol\u00edcia informou que os dois ve\u00edculos bateram de frente.<\/p>\n<p data-track-category=\"Link no Texto\" data-track-links=\"\">\n<\/div>\n<div class=\"row medium-uncollapsed content-media content-photo\" data-block-type=\"backstage-photo\" data-block-id=\"5\">\n<div class=\"mc-column content-media__container\">\n<div class=\"content-media-container glb-skeleton-box\">\n<figure class=\"content-media-figure\">\n<p><figure style=\"width: 648px\" class=\"wp-caption aligncenter\"><img loading=\"lazy\" decoding=\"async\" class=\"i-amphtml-fill-content i-amphtml-replaced-content\" src=\"https:\/\/s2.glbimg.com\/lNGwQKwNQzHEzN27VKifjQGi2c0=\/0x0:1280x1280\/984x0\/smart\/filters:strip_icc()\/i.s3.glbimg.com\/v1\/AUTH_59edd422c0c84a879bd37670ae4f538a\/internal_photos\/bs\/2022\/j\/O\/6qAw23T6yXEaYBplhKCQ\/whatsapp-image-2022-09-24-at-11.03.56.jpeg\" sizes=\"auto, (max-width: 1366px) 648px, 100vw\" srcset=\"https:\/\/s2.glbimg.com\/6PWUzbiQE9_FyAOZaxJqOuKhaZo=\/0x0:1280x1280\/1000x0\/smart\/filters:strip_icc()\/i.s3.glbimg.com\/v1\/AUTH_59edd422c0c84a879bd37670ae4f538a\/internal_photos\/bs\/2022\/j\/O\/6qAw23T6yXEaYBplhKCQ\/whatsapp-image-2022-09-24-at-11.03.56.jpeg 1000w, https:\/\/s2.glbimg.com\/lNGwQKwNQzHEzN27VKifjQGi2c0=\/0x0:1280x1280\/984x0\/smart\/filters:strip_icc()\/i.s3.glbimg.com\/v1\/AUTH_59edd422c0c84a879bd37670ae4f538a\/internal_photos\/bs\/2022\/j\/O\/6qAw23T6yXEaYBplhKCQ\/whatsapp-image-2022-09-24-at-11.03.56.jpeg 984w, https:\/\/s2.glbimg.com\/uZ7fKMPYwQiepBnSuON7BO2EeKM=\/0x0:1280x1280\/640x0\/smart\/filters:strip_icc()\/i.s3.glbimg.com\/v1\/AUTH_59edd422c0c84a879bd37670ae4f538a\/internal_photos\/bs\/2022\/j\/O\/6qAw23T6yXEaYBplhKCQ\/whatsapp-image-2022-09-24-at-11.03.56.jpeg 640w, https:\/\/s2.glbimg.com\/qzQiM-hcd9ztqTDviqREuZM3R58=\/0x0:1280x1280\/600x0\/smart\/filters:strip_icc()\/i.s3.glbimg.com\/v1\/AUTH_59edd422c0c84a879bd37670ae4f538a\/internal_photos\/bs\/2022\/j\/O\/6qAw23T6yXEaYBplhKCQ\/whatsapp-image-2022-09-24-at-11.03.56.jpeg 600w\" alt=\"Claudiomiro Soares dos Santos, Jonas da Silva Viera e Carlos Andr\u00e9 dos Santos tamb\u00e9m morreram no acidente \u2014 Foto: Reprodu\u00e7\u00e3o\" width=\"648\" height=\"648\" \/><figcaption class=\"wp-caption-text\">Claudiomiro Soares dos Santos, Jonas da Silva Viera e Carlos Andr\u00e9 dos Santos tamb\u00e9m morreram no acidente \u2014 Foto: Reprodu\u00e7\u00e3o<\/figcaption><\/figure><\/figure>\n<\/div>\n<p class=\"content-media__description \">\n<\/div>\n<\/div>\n<div class=\"content-ads content-ads--reveal\" data-block-type=\"ads\" data-block-id=\"6\">\n<div><\/div>\n<\/div>\n<div class=\"mc-column content-text active-extra-styles \" data-block-type=\"unstyled\" data-block-weight=\"26\" data-block-id=\"7\">\n<p class=\"content-text__container \" data-track-category=\"Link no Texto\" data-track-links=\"\">Conforme os policiais, Lismara Bertoleti, de 52 anos, Jonas da Silva Viera, de 38 anos, e Carlos Andr\u00e9 dos Santos, de 37 anos, morreram no local.<\/p>\n<\/div>\n<div class=\"mc-column content-text active-extra-styles \" data-block-type=\"unstyled\" data-block-weight=\"21\" data-block-id=\"8\">\n<p class=\"content-text__container \" data-track-category=\"Link no Texto\" data-track-links=\"\">Isadora Pinezi Ribeiro, de 8 anos, foi encaminhada ao hospital mas n\u00e3o resistiu aos ferimentos e morreu a caminho da unidade.<\/p>\n<p data-track-category=\"Link no Texto\" data-track-links=\"\">\n<\/div>\n<div class=\"mc-column content-text active-extra-styles \" data-block-type=\"unstyled\" data-block-weight=\"26\" data-block-id=\"9\">\n<p class=\"content-text__container \" data-track-category=\"Link no Texto\" data-track-links=\"\">Claudiomiro Soares dos Santos, de 44 anos, tamb\u00e9m foi socorrido por uma equipe do Corpo de Bombeiros, mas morreu horas depois no Hospital Regional de Sinop.<\/p>\n<p data-track-category=\"Link no Texto\" data-track-links=\"\">\n<\/div>\n<div class=\"mc-column content-text active-extra-styles \" data-block-type=\"unstyled\" data-block-weight=\"15\" data-block-id=\"10\">\n<p class=\"content-text__container \" data-track-category=\"Link no Texto\" data-track-links=\"\">Os motoristas dos dois ve\u00edculos e outra crian\u00e7a ficaram feridos e est\u00e3o internados no hospital.<\/p>\n<p data-track-category=\"Link no Texto\" data-track-links=\"\">\n<\/div>\n<div class=\"row medium-uncollapsed content-media content-photo\" data-block-type=\"backstage-photo\" data-block-id=\"11\">\n<div class=\"mc-column content-media__container\">\n<div class=\"content-media-container glb-skeleton-box\">\n<figure class=\"content-media-figure\">\n<p><figure style=\"width: 648px\" class=\"wp-caption aligncenter\"><img loading=\"lazy\" decoding=\"async\" class=\"i-amphtml-fill-content i-amphtml-replaced-content\" src=\"https:\/\/s2.glbimg.com\/zq9jlVF6lpV4Tkd28kNNShwxLRs=\/0x0:470x624\/984x0\/smart\/filters:strip_icc()\/i.s3.glbimg.com\/v1\/AUTH_59edd422c0c84a879bd37670ae4f538a\/internal_photos\/bs\/2022\/Z\/S\/XQLuvHSmApahoIVxsVmw\/avo-e-neta.png\" sizes=\"auto, (max-width: 1366px) 648px, 100vw\" srcset=\"https:\/\/s2.glbimg.com\/pYcJr5DtX8Ea9LXPhhCU59qHAGw=\/0x0:470x624\/1000x0\/smart\/filters:strip_icc()\/i.s3.glbimg.com\/v1\/AUTH_59edd422c0c84a879bd37670ae4f538a\/internal_photos\/bs\/2022\/Z\/S\/XQLuvHSmApahoIVxsVmw\/avo-e-neta.png 1000w, https:\/\/s2.glbimg.com\/zq9jlVF6lpV4Tkd28kNNShwxLRs=\/0x0:470x624\/984x0\/smart\/filters:strip_icc()\/i.s3.glbimg.com\/v1\/AUTH_59edd422c0c84a879bd37670ae4f538a\/internal_photos\/bs\/2022\/Z\/S\/XQLuvHSmApahoIVxsVmw\/avo-e-neta.png 984w, https:\/\/s2.glbimg.com\/v7baTCQvA4VwXKQQUAlBQk01K88=\/0x0:470x624\/640x0\/smart\/filters:strip_icc()\/i.s3.glbimg.com\/v1\/AUTH_59edd422c0c84a879bd37670ae4f538a\/internal_photos\/bs\/2022\/Z\/S\/XQLuvHSmApahoIVxsVmw\/avo-e-neta.png 640w, https:\/\/s2.glbimg.com\/vXXCU2-A2Z7Ciw-3PSjp38Q5JNc=\/0x0:470x624\/600x0\/smart\/filters:strip_icc()\/i.s3.glbimg.com\/v1\/AUTH_59edd422c0c84a879bd37670ae4f538a\/internal_photos\/bs\/2022\/Z\/S\/XQLuvHSmApahoIVxsVmw\/avo-e-neta.png 600w\" alt=\"Lismara Bertoleti, de 52 anos, e Isadora Pinezi Ribeiro, de 8 anos morreram no acidente \u2014 Foto: Prefeitura de Sinop\" width=\"648\" height=\"860\" \/><figcaption class=\"wp-caption-text\">Lismara Bertoleti, de 52 anos, e Isadora Pinezi Ribeiro, de 8 anos morreram no acidente \u2014 Foto: Prefeitura de Sinop<\/figcaption><\/figure><\/figure>\n<\/div>\n<p class=\"content-media__description \">\n<\/div>\n<\/div>\n<div class=\"mc-column content-text active-extra-styles \" data-block-type=\"unstyled\" data-block-weight=\"26\" data-block-id=\"12\">\n<p class=\"content-text__container \" data-track-category=\"Link no Texto\" data-track-links=\"\">De acordo com a Prefeitura de Sinop, Lismara era uma comerciante pioneira no munic\u00edpio e av\u00f3 de Isadora. A prefeitura decretou luto oficial por tr\u00eas dias.<\/p>\n<\/div>\n<div class=\"content-ads content-ads--reveal\" data-block-type=\"ads\" data-block-id=\"13\">\n<div><\/div>\n<\/div>\n<div class=\"mc-column content-text active-extra-styles \" data-block-type=\"unstyled\" data-block-weight=\"20\" data-block-id=\"14\">\n<p class=\"content-text__container \" data-track-category=\"Link no Texto\" data-track-links=\"\">Conforme os bombeiros, as tr\u00eas v\u00edtimas que morreram no local estavam presas \u00e0s ferragens e foram retiradas dos ve\u00edculos.<\/p>\n<p data-track-category=\"Link no Texto\" data-track-links=\"\">\n<\/div>\n<div class=\"mc-column content-text active-extra-styles \" data-block-type=\"unstyled\" data-block-weight=\"30\" data-block-id=\"15\">\n<p class=\"content-text__container \" data-track-category=\"Link no Texto\" data-track-links=\"\">O chefe da Pol\u00edcia Rodovi\u00e1ria Federal (PRF), Felipe Mesquita, disse que uma das caminhonetes tentou ultrapassar ve\u00edculos de carga e bateu de frente com o outro carro, ocasionando o acidente.<\/p>\n<p data-track-category=\"Link no Texto\" data-track-links=\"\">\n<\/div>\n<div class=\"mc-column content-text active-extra-styles \" data-block-type=\"unstyled\" data-block-weight=\"18\" data-block-id=\"16\">\n<p class=\"content-text__container \" data-track-category=\"Link no Texto\" data-track-links=\"\">&#8220;A pista ficou totalmente interditada por quase tr\u00eas horas para realizar os resgates e a per\u00edcia&#8221;, disse.<\/p>\n<\/div>\n<\/div>\n<p data-track-category=\"Link no Texto\" data-track-links=\"\">\n<figure style=\"width: 648px\" class=\"wp-caption aligncenter\"><img loading=\"lazy\" decoding=\"async\" class=\"i-amphtml-fill-content i-amphtml-replaced-content\" src=\"https:\/\/s2.glbimg.com\/MOkHllUVutCKebBK8tuCgdiKhzU=\/0x0:357x688\/984x0\/smart\/filters:strip_icc()\/i.s3.glbimg.com\/v1\/AUTH_59edd422c0c84a879bd37670ae4f538a\/internal_photos\/bs\/2022\/e\/n\/mDyewpRMankBZANnApxQ\/itauba.png\" sizes=\"auto, (max-width: 1366px) 648px, 100vw\" srcset=\"https:\/\/s2.glbimg.com\/mJlHTqfSr2b9bTHGvTk1KaJVcjM=\/0x0:357x688\/1000x0\/smart\/filters:strip_icc()\/i.s3.glbimg.com\/v1\/AUTH_59edd422c0c84a879bd37670ae4f538a\/internal_photos\/bs\/2022\/e\/n\/mDyewpRMankBZANnApxQ\/itauba.png 1000w, https:\/\/s2.glbimg.com\/MOkHllUVutCKebBK8tuCgdiKhzU=\/0x0:357x688\/984x0\/smart\/filters:strip_icc()\/i.s3.glbimg.com\/v1\/AUTH_59edd422c0c84a879bd37670ae4f538a\/internal_photos\/bs\/2022\/e\/n\/mDyewpRMankBZANnApxQ\/itauba.png 984w, https:\/\/s2.glbimg.com\/EoQ63PGkqDeuPazHHhc8aUixs_A=\/0x0:357x688\/640x0\/smart\/filters:strip_icc()\/i.s3.glbimg.com\/v1\/AUTH_59edd422c0c84a879bd37670ae4f538a\/internal_photos\/bs\/2022\/e\/n\/mDyewpRMankBZANnApxQ\/itauba.png 640w, https:\/\/s2.glbimg.com\/vUvfaosCAK-ujYEV2JbOOYhHu0M=\/0x0:357x688\/600x0\/smart\/filters:strip_icc()\/i.s3.glbimg.com\/v1\/AUTH_59edd422c0c84a879bd37670ae4f538a\/internal_photos\/bs\/2022\/e\/n\/mDyewpRMankBZANnApxQ\/itauba.png 600w\" alt=\"Acidente entre duas caminhonetes deixa cinco pessoas mortas e tr\u00eas feridas em Sinop (MT) \u2014 Foto: Reprodu\u00e7\u00e3o\" width=\"648\" height=\"1248\" \/><figcaption class=\"wp-caption-text\">Acidente entre duas caminhonetes deixa cinco pessoas mortas e tr\u00eas feridas em Sinop (MT) \u2014 Foto: Reprodu\u00e7\u00e3o<\/figcaption><\/figure>\n<p data-track-category=\"Link no Texto\" data-track-links=\"\">\n<p data-track-category=\"Link no Texto\" data-track-links=\"\">*G1 MT<\/p>\n<p data-track-category=\"Link no Texto\" data-track-links=\"\">\n","protected":false},"excerpt":{"rendered":"<p>Um acidente entre duas caminhonetes na noite dessa sexta-feira (23), na BR-163, no km 879, entre os munic\u00edpios de Sinop e Ita\u00faba, deixou cinco pessoas mortas e outras tr\u00eas ficaram feridas. Conforme a Pol\u00edcia Civil, os motoristas dos dois ve\u00edculos e uma crian\u00e7a foram encaminhados ao hospital e est\u00e3o internados. A pol\u00edcia informou que os [&hellip;]<\/p>\n","protected":false},"author":5,"featured_media":218735,"comment_status":"closed","ping_status":"closed","sticky":false,"template":"","format":"standard","meta":{"footnotes":""},"categories":[38],"tags":[],"class_list":["post-218733","post","type-post","status-publish","format-standard","has-post-thumbnail","hentry","category-policia"],"_links":{"self":[{"href":"https:\/\/www.ocorreionews.com.br\/acervo-correio\/index.php?rest_route=\/wp\/v2\/posts\/218733","targetHints":{"allow":["GET"]}}],"collection":[{"href":"https:\/\/www.ocorreionews.com.br\/acervo-correio\/index.php?rest_route=\/wp\/v2\/posts"}],"about":[{"href":"https:\/\/www.ocorreionews.com.br\/acervo-correio\/index.php?rest_route=\/wp\/v2\/types\/post"}],"author":[{"embeddable":true,"href":"https:\/\/www.ocorreionews.com.br\/acervo-correio\/index.php?rest_route=\/wp\/v2\/users\/5"}],"replies":[{"embeddable":true,"href":"https:\/\/www.ocorreionews.com.br\/acervo-correio\/index.php?rest_route=%2Fwp%2Fv2%2Fcomments&post=218733"}],"version-history":[{"count":1,"href":"https:\/\/www.ocorreionews.com.br\/acervo-correio\/index.php?rest_route=\/wp\/v2\/posts\/218733\/revisions"}],"predecessor-version":[{"id":218736,"href":"https:\/\/www.ocorreionews.com.br\/acervo-correio\/index.php?rest_route=\/wp\/v2\/posts\/218733\/revisions\/218736"}],"wp:featuredmedia":[{"embeddable":true,"href":"https:\/\/www.ocorreionews.com.br\/acervo-correio\/index.php?rest_route=\/wp\/v2\/media\/218735"}],"wp:attachment":[{"href":"https:\/\/www.ocorreionews.com.br\/acervo-correio\/index.php?rest_route=%2Fwp%2Fv2%2Fmedia&parent=218733"}],"wp:term":[{"taxonomy":"category","embeddable":true,"href":"https:\/\/www.ocorreionews.com.br\/acervo-correio\/index.php?rest_route=%2Fwp%2Fv2%2Fcategories&post=218733"},{"taxonomy":"post_tag","embeddable":true,"href":"https:\/\/www.ocorreionews.com.br\/acervo-correio\/index.php?rest_route=%2Fwp%2Fv2%2Ftags&post=218733"}],"curies":[{"name":"wp","href":"https:\/\/api.w.org\/{rel}","templated":true}]}}