{"id":21882,"date":"2016-03-03T09:54:38","date_gmt":"2016-03-03T13:54:38","guid":{"rendered":"https:\/\/ocorreionews.com.br\/?p=21882"},"modified":"2016-03-03T09:54:38","modified_gmt":"2016-03-03T13:54:38","slug":"preso-suspeito-de-ser-dono-do-contrabando-do-agrotoxico","status":"publish","type":"post","link":"https:\/\/www.ocorreionews.com.br\/acervo-correio\/?p=21882","title":{"rendered":"Preso suspeito de ser dono do contrabando do agrot\u00f3xico"},"content":{"rendered":"<p>Mais uma pessoa foi presa ontem (quarta-feira) pela pol\u00edcia Civil por envolvimento no contrabando de 660 kg de agrot\u00f3xicos contrabandeado do Paraguai. A pol\u00edcia confirmou o caso, mas n\u00e3o revelou o nome do detido. A pris\u00e3o j\u00e1 tinha sido determinada atrav\u00e9s de Mandado expedido pelo juiz da 1\u00aa Vara da comarca, Dr. S\u00edlvio Prado.<\/p>\n<p>A carreta que trouxe a carga para Chapad\u00e3o do Sul foi interceptada na MS-306, no per\u00edmetro urbano da cidade. Tamb\u00e9m havia um carro com dois ocupantes que agiam como batedores. Um deles revelou a localiza\u00e7\u00e3o da casa onde a carga foi deixada, dando in\u00edcio a uma opera\u00e7\u00e3o que acabou em quatro pessoas presas.<\/p>\n<p>Originalmente a carga que estava registrada na nota, era de ervilha, mas o movimento\u00a0 da carreta com um batedor durante a noite chamou a aten\u00e7\u00e3o dos policiais Os 660 kg de agrot\u00f3xicos contrabandeados est\u00e3o cotados em aproximadamente meio milh\u00e3o de reais.<\/p>\n<p>Nota da reda\u00e7\u00e3o ocorreionews- n\u00e3o divulgamos o nome do envolvido, por determina\u00e7\u00e3o da justi\u00e7a<\/p>\n<p><em>com informa\u00e7\u00f5es de Chapadense News \/ P.D<\/em><\/p>\n","protected":false},"excerpt":{"rendered":"<p>Mais uma pessoa foi presa ontem (quarta-feira) pela pol\u00edcia Civil por envolvimento no contrabando de 660 kg de agrot\u00f3xicos contrabandeado do Paraguai. A pol\u00edcia confirmou o caso, mas n\u00e3o revelou o nome do detido. A pris\u00e3o j\u00e1 tinha sido determinada atrav\u00e9s de Mandado expedido pelo juiz da 1\u00aa Vara da comarca, Dr. S\u00edlvio Prado. A [&hellip;]<\/p>\n","protected":false},"author":4,"featured_media":21511,"comment_status":"closed","ping_status":"closed","sticky":false,"template":"","format":"standard","meta":{"footnotes":""},"categories":[17,23,38],"tags":[],"class_list":["post-21882","post","type-post","status-publish","format-standard","has-post-thumbnail","hentry","category-agropecuaria","category-chapadao-do-sul","category-policia"],"_links":{"self":[{"href":"https:\/\/www.ocorreionews.com.br\/acervo-correio\/index.php?rest_route=\/wp\/v2\/posts\/21882","targetHints":{"allow":["GET"]}}],"collection":[{"href":"https:\/\/www.ocorreionews.com.br\/acervo-correio\/index.php?rest_route=\/wp\/v2\/posts"}],"about":[{"href":"https:\/\/www.ocorreionews.com.br\/acervo-correio\/index.php?rest_route=\/wp\/v2\/types\/post"}],"author":[{"embeddable":true,"href":"https:\/\/www.ocorreionews.com.br\/acervo-correio\/index.php?rest_route=\/wp\/v2\/users\/4"}],"replies":[{"embeddable":true,"href":"https:\/\/www.ocorreionews.com.br\/acervo-correio\/index.php?rest_route=%2Fwp%2Fv2%2Fcomments&post=21882"}],"version-history":[{"count":0,"href":"https:\/\/www.ocorreionews.com.br\/acervo-correio\/index.php?rest_route=\/wp\/v2\/posts\/21882\/revisions"}],"wp:featuredmedia":[{"embeddable":true,"href":"https:\/\/www.ocorreionews.com.br\/acervo-correio\/index.php?rest_route=\/wp\/v2\/media\/21511"}],"wp:attachment":[{"href":"https:\/\/www.ocorreionews.com.br\/acervo-correio\/index.php?rest_route=%2Fwp%2Fv2%2Fmedia&parent=21882"}],"wp:term":[{"taxonomy":"category","embeddable":true,"href":"https:\/\/www.ocorreionews.com.br\/acervo-correio\/index.php?rest_route=%2Fwp%2Fv2%2Fcategories&post=21882"},{"taxonomy":"post_tag","embeddable":true,"href":"https:\/\/www.ocorreionews.com.br\/acervo-correio\/index.php?rest_route=%2Fwp%2Fv2%2Ftags&post=21882"}],"curies":[{"name":"wp","href":"https:\/\/api.w.org\/{rel}","templated":true}]}}