{"id":21884,"date":"2016-03-03T10:30:53","date_gmt":"2016-03-03T14:30:53","guid":{"rendered":"https:\/\/ocorreionews.com.br\/?p=21884"},"modified":"2016-03-03T10:30:53","modified_gmt":"2016-03-03T14:30:53","slug":"uems-divulga-4a-chamada-da-lista-de-espera-do-sisu","status":"publish","type":"post","link":"https:\/\/www.ocorreionews.com.br\/acervo-correio\/?p=21884","title":{"rendered":"UEMS divulga 4\u00aa Chamada da Lista de Espera do SiSU"},"content":{"rendered":"<p>A Universidade Estadual de Mato Grosso do Sul (UEMS), por meio da Diretoria de Registro Acad\u00eamico, convoca os candidatos selecionados para a 4\u00aa Chamada da Lista de Espera do SiSU (Sistema de Sele\u00e7\u00e3o Unificado). S\u00e3o 90 vagas em 23 cursos, de 8 unidades da Universidade.<\/p>\n<p>Os convocados dever\u00e3o participar da reuni\u00e3o p\u00fablica no dia 7 de mar\u00e7o de 2016, \u00e0s 13h30, nas respectivas unidades Universit\u00e1rias nos quais concorrem \u00e0s vagas, para logo ap\u00f3s efetivarem a matr\u00edcula.<\/p>\n<p>Os candidatos titulares e suplentes (convocados neste edital) ou seus representantes (exceto cotista), interessados em efetuar matr\u00edcula, dever\u00e3o comparecer \u00e0 reuni\u00e3o com no m\u00ednimo uma hora de anteced\u00eancia.<\/p>\n<p>Em Dourados os candidatos dever\u00e3o comparecer no Anfiteatro do Bloco A. O candidato titular que n\u00e3o comparecer ou n\u00e3o atender aos itens solicitados em edital perder\u00e1 o direito a matr\u00edcula e ser\u00e1, automaticamente, exclu\u00eddo da lista de espera.<\/p>\n<p><a href=\"http:\/\/www.portal.uems.br\/assets\/uploads\/ingresso\/formas\/1_2016-03-02_15-02-06.pdf\" target=\"_blank\">Clique aqui<\/a> ou confira o edital em anexo. As publica\u00e7\u00f5es tamb\u00e9m podem ser acompanhadas no endere\u00e7o:<a href=\"http:\/\/www.portal.uems.br\/ingresso\/formas\" target=\"_blank\">http:\/\/www.portal.uems.br\/ingresso\/formas<\/a>.<\/p>\n<p><strong>Documentos para matr\u00edcula<\/strong><br \/>\nI \u2013 certid\u00e3o de registro civil de nascimento ou de casamento;<br \/>\nII \u2013 c\u00e9dula de identidade;<br \/>\nIII \u2013 t\u00edtulo eleitoral e quita\u00e7\u00e3o eleitoral, dispon\u00edvel na internet;<br \/>\nIV \u2013 cadastro de pessoa f\u00edsica;<br \/>\nV \u2013 certid\u00e3o de alistamento militar ou de quita\u00e7\u00e3o com o servi\u00e7o militar, para maior de dezoito anos, se do sexo masculino;<br \/>\nVI \u2013 1 (uma) fotografia 3\u00d74 recente;<br \/>\nVII \u2013 hist\u00f3rico escolar do Ensino M\u00e9dio em qualquer modalidade ou diploma de ensino superior registrado pelo \u00f3rg\u00e3o competente por Declara\u00e7\u00e3o\/Certificado de Conclus\u00e3o de Ensino M\u00e9dio e assinatura do Termo de Compromisso).<\/p>\n<p><strong>Cotistas<\/strong><br \/>\nOs candidatos dever\u00e3o passar por uma banca avaliadora que expedir\u00e1 um documento deferindo ou indeferindo a realiza\u00e7\u00e3o da matr\u00edcula. As bancas de avalia\u00e7\u00e3o dos candidatos cotistas negros estar\u00e3o dispon\u00edveis nos dias e hor\u00e1rios de matr\u00edculas, das 13 \u00e0s 17 horas, nas Unidades Universit\u00e1rias de Aquidauana, Campo Grande, Dourados e Parana\u00edba. A efetiva\u00e7\u00e3o da matr\u00edcula ser\u00e1 a partir das 13h30 horas, ap\u00f3s a reuni\u00e3o p\u00fablica dos demais candidatos.<\/p>\n<p>Confira o <a href=\"http:\/\/www.portal.uems.br\/assets\/uploads\/noticias\/b07dcce0e8b8226f44ddc8ee65831ad5\/1_b07dcce0e8b8226f44ddc8ee65831ad5_2016-03-02_16-37-00.pdf\">Edital<\/a>.<\/p>\n<p><em>Comunica\u00e7\u00e3o UEMS<\/em><\/p>\n","protected":false},"excerpt":{"rendered":"<p>A Universidade Estadual de Mato Grosso do Sul (UEMS), por meio da Diretoria de Registro Acad\u00eamico, convoca os candidatos selecionados para a 4\u00aa Chamada da Lista de Espera do SiSU (Sistema de Sele\u00e7\u00e3o Unificado). S\u00e3o 90 vagas em 23 cursos, de 8 unidades da Universidade. Os convocados dever\u00e3o participar da reuni\u00e3o p\u00fablica no dia 7 [&hellip;]<\/p>\n","protected":false},"author":4,"featured_media":21885,"comment_status":"closed","ping_status":"closed","sticky":false,"template":"","format":"standard","meta":{"footnotes":""},"categories":[27],"tags":[],"class_list":["post-21884","post","type-post","status-publish","format-standard","has-post-thumbnail","hentry","category-educacao"],"_links":{"self":[{"href":"https:\/\/www.ocorreionews.com.br\/acervo-correio\/index.php?rest_route=\/wp\/v2\/posts\/21884","targetHints":{"allow":["GET"]}}],"collection":[{"href":"https:\/\/www.ocorreionews.com.br\/acervo-correio\/index.php?rest_route=\/wp\/v2\/posts"}],"about":[{"href":"https:\/\/www.ocorreionews.com.br\/acervo-correio\/index.php?rest_route=\/wp\/v2\/types\/post"}],"author":[{"embeddable":true,"href":"https:\/\/www.ocorreionews.com.br\/acervo-correio\/index.php?rest_route=\/wp\/v2\/users\/4"}],"replies":[{"embeddable":true,"href":"https:\/\/www.ocorreionews.com.br\/acervo-correio\/index.php?rest_route=%2Fwp%2Fv2%2Fcomments&post=21884"}],"version-history":[{"count":0,"href":"https:\/\/www.ocorreionews.com.br\/acervo-correio\/index.php?rest_route=\/wp\/v2\/posts\/21884\/revisions"}],"wp:featuredmedia":[{"embeddable":true,"href":"https:\/\/www.ocorreionews.com.br\/acervo-correio\/index.php?rest_route=\/wp\/v2\/media\/21885"}],"wp:attachment":[{"href":"https:\/\/www.ocorreionews.com.br\/acervo-correio\/index.php?rest_route=%2Fwp%2Fv2%2Fmedia&parent=21884"}],"wp:term":[{"taxonomy":"category","embeddable":true,"href":"https:\/\/www.ocorreionews.com.br\/acervo-correio\/index.php?rest_route=%2Fwp%2Fv2%2Fcategories&post=21884"},{"taxonomy":"post_tag","embeddable":true,"href":"https:\/\/www.ocorreionews.com.br\/acervo-correio\/index.php?rest_route=%2Fwp%2Fv2%2Ftags&post=21884"}],"curies":[{"name":"wp","href":"https:\/\/api.w.org\/{rel}","templated":true}]}}