{"id":21888,"date":"2016-03-03T10:46:10","date_gmt":"2016-03-03T14:46:10","guid":{"rendered":"https:\/\/ocorreionews.com.br\/?p=21888"},"modified":"2016-03-04T16:33:03","modified_gmt":"2016-03-04T20:33:03","slug":"delcidio-acerta-acordo-de-delacao-premiada-na-lava-jato-cita-o-ex-presidente-lula-e-a-presidente-dilma-rousseff","status":"publish","type":"post","link":"https:\/\/www.ocorreionews.com.br\/acervo-correio\/?p=21888","title":{"rendered":"Delc\u00eddio acerta acordo de dela\u00e7\u00e3o premiada na Lava Jato, cita o ex-presidente Lula e a presidente Dilma Rousseff"},"content":{"rendered":"<div id=\"materia-letra\" class=\"materia-conteudo entry-content clearfix\">\n<p>O senador Delc\u00eddio do Amaral (PT-MS) firmou com a Procuradoria Geral da Rep\u00fablica (PGR) um acordo de dela\u00e7\u00e3o premiada em troca de poss\u00edvel redu\u00e7\u00e3o de pena.<\/p>\n<p>Ex-l\u00edder do governo Dilma Rousseff, Delc\u00eddio deixou a pris\u00e3o em 19 de fevereiro, por ordem do Supremo Tribunal Federal (STF), ap\u00f3s ter ficado 87 dias na cadeia acusado de tentar obstruir as investiga\u00e7\u00f5es da Opera\u00e7\u00e3o Lava Jato.<\/p>\n<p>Na dela\u00e7\u00e3o, Delc\u00eddio fez acusa\u00e7\u00f5es ao ex-presidente Luiz In\u00e1cio Lula da Silva e \u00e0 presidente Dilma Rousseff, conforme revelou edi\u00e7\u00e3o da revista &#8220;Isto\u00c9&#8221; que circula nesta quinta-feira (3).<\/p>\n<p>Segundo a publica\u00e7\u00e3o, ele disse que Lula tinha conhecimento do esquema de corrup\u00e7\u00e3o na Petrobras e que Dilma agiu para interferir na Lava Jato (<em>veja os principais pontos na imagem abaixo<\/em>).<\/p>\n<div class=\"foto componente_materia midia-largura-290\"><img loading=\"lazy\" decoding=\"async\" class=\"alignleft\" title=\"ARTE - Delc\u00eddio do Amaral acusa Dilma e Lula na Lava Jato (Foto: Arte\/G1)\" src=\"http:\/\/s2.glbimg.com\/6NMYi3N9-ZPVcRVF69-lze4YyJg=\/s.glbimg.com\/jo\/g1\/f\/original\/2016\/03\/03\/arte-delcidio.jpg\" alt=\"ARTE - Delc\u00eddio do Amaral acusa Dilma e Lula na Lava Jato (Foto: Arte\/G1)\" width=\"290\" height=\"1368\" \/><\/div>\n<p><strong>Assinado, mas n\u00e3o homologado<\/strong><br \/>\nA TV Globo confirmou que o acordo foi assinado, mas que ainda n\u00e3o est\u00e1 homologado porque um dos pontos foi objeto de questionamento e ainda est\u00e1 sendo ajustado.<\/p>\n<p>O advogado de Delc\u00eddio, Antonio Figueiredo Basto, disse que n\u00e3o far\u00e1 coment\u00e1rios sobre a dela\u00e7\u00e3o premiada de seu cliente, embora a revista tenha divulgado trechos das revela\u00e7\u00f5es feitas pelo parlamentar \u00e0 PGR.<\/p>\n<p>Caber\u00e1 ao ministro Teori Zavascki, relator da Opera\u00e7\u00e3o Lava Jato no Supremo Tribunal Federal (STF), decidir se vai homologar o acordo ou n\u00e3o.<\/p>\n<p>Se n\u00e3o for homologado, o acordo perde a validade. A homologa\u00e7\u00e3o \u00e9 a valida\u00e7\u00e3o de que se trata de um acordo que cumpriu todas as normas previstas em lei.<\/p>\n<p>Juristas ouvidos pelo <strong>G1 <\/strong>informaram que, se a dela\u00e7\u00e3o n\u00e3o for homologada, Delc\u00eddio n\u00e3o receber\u00e1 benef\u00edcios, como a redu\u00e7\u00e3o de pena. Mas tudo o que ele disse nos depoimentos, como as acusa\u00e7\u00f5es a terceiros, indica\u00e7\u00f5es de provas, relatos de conversas, continuar\u00e1 valendo e ser\u00e1 objeto de investiga\u00e7\u00e3o e poder\u00e1 ser considerado em julgamento.<\/p>\n<p><strong>As acusa\u00e7\u00f5es contra Dilma<\/strong><br \/>\nDe acordo com a revista &#8220;Isto\u00c9&#8221;, Delcidio contou que Dilma agiu para manter na Petrobras os diretores comprometidos com o esquema de corrup\u00e7\u00e3o e atuou para interferir no andamento da Opera\u00e7\u00e3o Lava Jato.<\/p>\n<p>Uma dessas a\u00e7\u00f5es, segundo o senador, foi a nomea\u00e7\u00e3o para o Superior Tribunal de Justi\u00e7a (STJ) do ministro Marcelo Navarro, que se teria se comprometido a votar, em julgamentos no tribunal, pela soltura de empreiteiros j\u00e1 denunciados pela Lava Jato.<\/p>\n<p>Delc\u00eddio afirma na dela\u00e7\u00e3o, segundo a &#8220;Isto\u00c9&#8221;, que, como presidente do Conselho de Administra\u00e7\u00e3o da Petrobras, Dilma sabia que havia um esquema de superfaturamento por tr\u00e1s da compra da refinaria de Pasadena, nos Estados Unidos, e atuou para que Nestor Cerver\u00f3, ex-diretor da estatal e um dos presos na Lava Jato, fosse mantido na dire\u00e7\u00e3o da Petrobras. A presidente, segundo o senador, indicou Cerver\u00f3 para a diretoria financeira da BR Distribuidora.<\/p>\n<p>Delc\u00eddio descreveu ainda uma opera\u00e7\u00e3o de caixa dois na campanha de Dilma em 2010 feita pelo doleiro Adir Assad, tamb\u00e9m preso na Lava Jato.<\/p>\n<p>Segundo o senador, o esquema seria descoberto pela CPI dos Bingos, mas o governo conseguiu barrar a investiga\u00e7\u00e3o dos parlamentares.<\/p>\n<p><strong>As acusa\u00e7\u00f5es contra Lula<\/strong><br \/>\nAinda de acordo com a revista, Delc\u00eddio afirmou que Lula tinha conhecimento do esquema de corrup\u00e7\u00e3o que atuava na Petrobras, que agiu pessoalmente para barrar as investiga\u00e7\u00f5es da Lava Jato e que seria o mandante do pagamento para tentar comprar o sil\u00eancio de testemunhas.<\/p>\n<p>O ex-presidente, segundo Delc\u00eddio, foi o mandante dos pagamentos que o senador ofereceu \u00e0 fam\u00edlia de Cerver\u00f3 e que resultaram na pris\u00e3o do senador, em novembro.<\/p>\n<p>De acordo com Delc\u00eddio, Lula pediu \u201cexpressamente\u201d para que ele ajudasse o pecuarista Jos\u00e9 Carlos Bumlai, porque estaria implicado nas dela\u00e7\u00f5es do lobista Fernando Baiano e de Cerver\u00f3.<\/p>\n<div id=\"entenda_o_caso_56\" class=\"entenda-o-caso componente_materia\">\u00a0O senador afirma, segundo a revista, que Lula n\u00e3o queria que Cerver\u00f3 mencionasse o esquema de Bumlai na compra de sondas superfaturadas feitas pela estatal.<\/div>\n<p>Na dela\u00e7\u00e3o, Delc\u00eddio diz que intermediaria o pagamento \u00e0 fam\u00edlia de Cerver\u00f3 com dinheiro fornecido por Bumlai.<\/p>\n<p>O senador tamb\u00e9m afirma, de acordo com a publica\u00e7\u00e3o, que em 2006 Lula e o ex-ministro da Fazenda e da Casa Civil Antonio Palocci teriam articulado um pagamento ao publicit\u00e1rio Marcos Val\u00e9rio para que ele n\u00e3o dissesse o que sabia durante o processo do mensal\u00e3o.<\/p>\n<p>De acordo com o parlamentar, Val\u00e9rio exigiu R$ 200 milh\u00f5es para se calar na CPI dos Correios, e Lula teria cedido. Palocci, conforme o depoimento, assumiu a tarefa de negociar o pagamento.<\/p>\n<p><strong>Vers\u00f5es dos acusados<\/strong><br \/>\nO <strong>G1 <\/strong>fez contato com a assessoria da Presid\u00eancia da Rep\u00fablica, mas n\u00e3o havia obtido resposta at\u00e9 a \u00faltima atualiza\u00e7\u00e3o desta reportagem.<\/p>\n<p>O Instituto Lula divulgou nota com o seguinte teor; &#8220;O ex-presidente Lula jamais participou, direta ou indiretamente, de qualquer ilegalidade, seja nos fatos investigados pela opera\u00e7\u00e3o Lava Jato, ou em qualquer outro, antes, durante ou depois de seu governo.&#8221;<\/p>\n<p>A defesa de Jos\u00e9 Carlos Bumlai disse que n\u00e3o vai se pronunciar porque n\u00e3o tem conhecimento dos termos da dela\u00e7\u00e3o.<\/p>\n<p>O <strong>G1 <\/strong>procurou as assessorias dos ministros Marcelo Navarro (STJ) e Vital do R\u00eago (TCU), e aguardava resposta at\u00e9 a \u00faltima atualiza\u00e7\u00e3o desta reportagem.<\/p>\n<div class=\"saibamais componente_materia\">Na dela\u00e7\u00e3o, Delc\u00eddio acusou ainda os senadores Gim Argello (PTB-DF) e Vital do Rego (PMDB-PB) e os deputados Marcos Maia (PT-RS) e Fernando Francischini (SD-PR) de cobrar empreiteiros para que eles n\u00e3o fossem convocados na CPI da Petrobras.<\/div>\n<p>O <strong>G1<\/strong> procurou o deputado Marco Maia e o ex-senador Gim Argello, mas, at\u00e9 a \u00faltima atualiza\u00e7\u00e3o desta reportagem, n\u00e3o obteve resposta.<\/p>\n<p>Por meio de nota publicada no Facebook, o deputado Fernando Francischini disse que Delc\u00eddio \u00e9 um &#8220;mal car\u00e1ter&#8221; e o desafiou a provar &#8220;uma v\u00edrgula&#8221; do que foi dito sobre ele na dela\u00e7\u00e3o. &#8220;E eu j\u00e1 mandei ao PGR e ao ministro Teori todas as informa\u00e7\u00f5es que demonstram a mentira deslavada&#8221;, escreveu o deputado na rede social.<\/p>\n<p><strong>Situa\u00e7\u00e3o de Delc\u00eddio<\/strong><br \/>\nDelc\u00eddio foi preso por tentar dificultar a dela\u00e7\u00e3o premiada de Cerver\u00f3 sobre uma suposta participa\u00e7\u00e3o do senador em irregularidades na compra da refinaria de Pasadena, nos Estados Unidos.<\/p>\n<p>Segundo investigadores, Delc\u00eddio chegou at\u00e9 a oferecer fuga a Cerver\u00f3, para que o ex-diretor n\u00e3o fizesse a dela\u00e7\u00e3o premiada, o que refor\u00e7ou para as autoridades a tentativa do petista de obstruir a Justi\u00e7a.<\/p>\n<p>A prova da tentativa de obstru\u00e7\u00e3o \u00e9 uma grava\u00e7\u00e3o feita pelo filho de Cerver\u00f3, Bernardo, que mostra Delc\u00eddio oferecendo fuga para o ex-diretor n\u00e3o fazer a dela\u00e7\u00e3o.<\/p>\n<p>No pedido de pris\u00e3o, a procuradoria afirma que Delc\u00eddio chegou tamb\u00e9m a oferecer R$ 50 mil mensais para Cerver\u00f3 em troca de o ex-diretor n\u00e3o cit\u00e1-lo na dela\u00e7\u00e3o premiada.<\/p>\n<p>O senador est\u00e1 afastado temporariamente do PT. O partido decidiu mant\u00ea-lo afastado, sem expuls\u00e1-lo, at\u00e9 que o parlamentar apresente uma defesa \u00e0 sigla e o caso seja analisado internamente.<\/p>\n<p>Uma comiss\u00e3o do partido com tr\u00eas integrantes vai elaborar um relat\u00f3rio com base na defesa que Delc\u00eddio apresentar\u00e1.<\/p>\n<\/div>\n<p>&nbsp;<\/p>\n<p>G1 Brasilia &#8211; Foto Folha SP<\/p>\n<p>&nbsp;<\/p>\n<p>&nbsp;<\/p>\n<p>&nbsp;<\/p>\n<p>*Editado as 14:40 para acr\u00e9scimo de informa\u00e7\u00f5es<\/p>\n","protected":false},"excerpt":{"rendered":"<p>O senador Delc\u00eddio do Amaral (PT-MS) firmou com a Procuradoria Geral da Rep\u00fablica (PGR) um acordo de dela\u00e7\u00e3o premiada em troca de poss\u00edvel redu\u00e7\u00e3o de pena. Ex-l\u00edder do governo Dilma Rousseff, Delc\u00eddio deixou a pris\u00e3o em 19 de fevereiro, por ordem do Supremo Tribunal Federal (STF), ap\u00f3s ter ficado 87 dias na cadeia acusado de [&hellip;]<\/p>\n","protected":false},"author":4,"featured_media":21107,"comment_status":"closed","ping_status":"closed","sticky":false,"template":"","format":"standard","meta":{"footnotes":""},"categories":[37],"tags":[],"class_list":["post-21888","post","type-post","status-publish","format-standard","has-post-thumbnail","hentry","category-politica"],"_links":{"self":[{"href":"https:\/\/www.ocorreionews.com.br\/acervo-correio\/index.php?rest_route=\/wp\/v2\/posts\/21888","targetHints":{"allow":["GET"]}}],"collection":[{"href":"https:\/\/www.ocorreionews.com.br\/acervo-correio\/index.php?rest_route=\/wp\/v2\/posts"}],"about":[{"href":"https:\/\/www.ocorreionews.com.br\/acervo-correio\/index.php?rest_route=\/wp\/v2\/types\/post"}],"author":[{"embeddable":true,"href":"https:\/\/www.ocorreionews.com.br\/acervo-correio\/index.php?rest_route=\/wp\/v2\/users\/4"}],"replies":[{"embeddable":true,"href":"https:\/\/www.ocorreionews.com.br\/acervo-correio\/index.php?rest_route=%2Fwp%2Fv2%2Fcomments&post=21888"}],"version-history":[{"count":0,"href":"https:\/\/www.ocorreionews.com.br\/acervo-correio\/index.php?rest_route=\/wp\/v2\/posts\/21888\/revisions"}],"wp:featuredmedia":[{"embeddable":true,"href":"https:\/\/www.ocorreionews.com.br\/acervo-correio\/index.php?rest_route=\/wp\/v2\/media\/21107"}],"wp:attachment":[{"href":"https:\/\/www.ocorreionews.com.br\/acervo-correio\/index.php?rest_route=%2Fwp%2Fv2%2Fmedia&parent=21888"}],"wp:term":[{"taxonomy":"category","embeddable":true,"href":"https:\/\/www.ocorreionews.com.br\/acervo-correio\/index.php?rest_route=%2Fwp%2Fv2%2Fcategories&post=21888"},{"taxonomy":"post_tag","embeddable":true,"href":"https:\/\/www.ocorreionews.com.br\/acervo-correio\/index.php?rest_route=%2Fwp%2Fv2%2Ftags&post=21888"}],"curies":[{"name":"wp","href":"https:\/\/api.w.org\/{rel}","templated":true}]}}