{"id":21891,"date":"2016-03-03T11:13:01","date_gmt":"2016-03-03T15:13:01","guid":{"rendered":"https:\/\/ocorreionews.com.br\/?p=21891"},"modified":"2016-03-03T11:13:01","modified_gmt":"2016-03-03T15:13:01","slug":"dunga-convoca-selecao-com-kaka-e-dois-chines","status":"publish","type":"post","link":"https:\/\/www.ocorreionews.com.br\/acervo-correio\/?p=21891","title":{"rendered":"Dunga convoca sele\u00e7\u00e3o com Kak\u00e1 e dois chin\u00eas"},"content":{"rendered":"<p class=\"\">O t\u00e9cnico Dunga anunciou nesta quinta-feira a lista de jogadores convocados para os jogos contra Uruguai e Paraguai, pelas Eliminat\u00f3rias da Copa do Mundo de 2018, na R\u00fassia. O Brasil enfrenta a Celeste no dia 25, \u00e0s 21h45 (de Bras\u00edlia), na Arena Pernambuco. A partida contra os paraguaios ser\u00e1 disputada no Est\u00e1dio Defensores Del Chaco, em Assun\u00e7\u00e3o, dia 29, \u00e0s 21h45 (de Bras\u00edlia). Renato Augusto e Gil, que trocaram o Corinthians pelo futebol chin\u00eas, foram convocados.<\/p>\n<p class=\"\">Renato Augusto e Gil, titulares do \u00faltimo jogo da sele\u00e7\u00e3o brasileira e negociados com o futebol chin\u00eas na \u00faltima janela de transfer\u00eancias, foram mantidos na lista anunciada por Dunga na manh\u00e3 desta quinta-feira, para as partidas dos dias 25 e 29 de mar\u00e7o, contra Uruguai e Paraguai, pelas Eliminat\u00f3rias da Copa do Mundo. Mesmo preocupado com a ascend\u00eancia do mercado chin\u00eas, o t\u00e9cnico optou por preservar a base do \u00faltimo grupo, que empatou com a Argentina, em Buenos Aires, e venceu o Peru por 3 a 0, em Salvador.<\/p>\n<div id=\"ccc3121c-d12b-5911-98d4-079d664f7e0f\" class=\"foto componente-conteudo\"><img loading=\"lazy\" decoding=\"async\" title=\"Dunga Gilmar Coronel Nunes convoca\u00e7\u00e3o da Sele\u00e7\u00e3o (Foto: Lucas Figueiredo \/ MoWA Press)\" src=\"http:\/\/s2.glbimg.com\/v0Kj-CWl4rf8YtFH9IwVdw0K2hw=\/0x0:5385x3590\/690x460\/s.glbimg.com\/es\/ge\/f\/original\/2016\/03\/03\/20160303113108_56d84aac581c0.jpg\" alt=\"Dunga Gilmar Coronel Nunes convoca\u00e7\u00e3o da Sele\u00e7\u00e3o (Foto: Lucas Figueiredo \/ MoWA Press)\" width=\"690\" height=\"460\" \/><\/div>\n<div class=\"foto componente-conteudo\"><strong>Dunga convoca a sele\u00e7\u00e3o brasileira ao lado\u00a0do Coronel Nunes, presidente da CBF (Foto: Lucas Figueiredo \/ MoWA Press)<\/strong><\/div>\n<p class=\"\">&#8211; Eles v\u00e3o ter que conviver com a cobran\u00e7a, porque, se o jogador cometer um erro, ele vai analisar diferente do que acontece com o jogador da Europa. Ele jogando nesse tipo de mercado, vai ter que estar preparado para um tipo de cr\u00edtica espec\u00edfico. Vai ter que fazer algo a mais, chegar um ou dois dias antes para jogar em alto n\u00edvel &#8211; afirmou Dunga em coletiva de imprensa.<\/p>\n<div id=\"54343568-c83f-caf5-e18f-ebac49f697b8\" class=\"foto componente-conteudo\"><img loading=\"lazy\" decoding=\"async\" title=\"Diego Alves Valencia (Foto: L\u00e1zaro de la Pe\u00f1a\/Valenciacf.com)\" src=\"http:\/\/s2.glbimg.com\/CCKze3v-Bg_oSpKked_cU33KHYw=\/0x0:672x553\/350x288\/s.glbimg.com\/es\/ge\/f\/original\/2016\/02\/15\/diego_alves.jpg\" alt=\"Diego Alves Valencia (Foto: L\u00e1zaro de la Pe\u00f1a\/Valenciacf.com)\" width=\"350\" height=\"288\" \/><\/div>\n<div class=\"foto componente-conteudo\"><strong>Diego Alves\u00a0voltou a jogar pelo Valencia ap\u00f3s nove meses afastado por les\u00e3o (Foto: L\u00e1zaro de la Pe\u00f1a\/Valenciacf.com)<\/strong><\/div>\n<p class=\"\">Dos 23 jogadores que estiveram naquela \u00faltima lista de 2015, 19 foram preservados para as pr\u00f3ximas duas partidas. As novidades foram os goleiros Diego Alves e Marcelo Grohe, o lateral-esquerdo Alex Sandro e o meia Philippe Coutinho, que entraram nos lugares de C\u00e1ssio, Jefferson, e dos lesionados Marcelo e Elias.<\/p>\n<p class=\"\">Dunga havia dito que sua inten\u00e7\u00e3o era manter a base do ano passado, j\u00e1 que a Sele\u00e7\u00e3o havia mostrando bom rendimento e nenhum outro jogador, neste per\u00edodo de quatro meses, surgiu de maneira estrondosa, a ponto de merecer a convoca\u00e7\u00e3o<\/p>\n<p class=\"\">O retorno de Coutinho, camisa 10 do Liverpool, pode ser considerado a principal novidade. Outro detalhe chamou aten\u00e7\u00e3o. A CBF colocou Renato Augusto como volante, ao lado de Luiz Gustavo e Fernandinho, confirmando uma tend\u00eancia que vem desde outubro do ano passado, quando Dunga deixou de chamar quatro volantes para ter apenas tr\u00eas de origem. Agora foram dois.<\/p>\n<p class=\"\">A sele\u00e7\u00e3o brasileira ocupa a terceira coloca\u00e7\u00e3o nas Eliminat\u00f3rias para a Copa do Mundo da\u00a0R\u00fassia, com sete pontos. Quem lidera \u00e9 o Equador, com 12, seguido pelo Uruguai (9). Os quatro primeiros colocados garantem vaga no Mundial, e o quinto disputar\u00e1 a repescagem com uma sele\u00e7\u00e3o da Oceania.<\/p>\n<p>A CBF informou que todos os 44.730 ingressos dispon\u00edveis para o jogo entre Brasil e Uruguai j\u00e1 foram comprados. No entanto, quem ainda quiser assistir ao duelo pelas Eliminat\u00f3rias na Arena Pernambuco, no dia 26 de mar\u00e7o, ter\u00e1 uma nova chance. Neste s\u00e1bado, haver\u00e1 venda extra pela internet das entradas que foram devolvidas ou canceladas.<\/p>\n<p class=\"\">A prepara\u00e7\u00e3o da sele\u00e7\u00e3o brasileira ser\u00e1 na Granja Comary, em Teres\u00f3polis, entre os dias 21 e 24 de mar\u00e7o. Ap\u00f3s encarar o Uruguai, a Sele\u00e7\u00e3o vai treinar em Porto Alegre de olho no duelo contra o Paraguai, em Assun\u00e7\u00e3o.<\/p>\n<p class=\"\">Essa foi a \u00faltima convoca\u00e7\u00e3o da Sele\u00e7\u00e3o antes da lista da Copa Am\u00e9rica, que ser\u00e1 disputada nos Estados Unidos e ter\u00e1 in\u00edcio em 3 de junho.<\/p>\n<div id=\"titulomateria-1\" class=\"titulo-materia borda-cor componente-conteudo\" data-position=\"texto\">\n<div class=\"itens-conteudo\">\n<p class=\"titulo\">\nLISTA DE CONVOCADOS<\/p>\n<\/div>\n<\/div>\n<p class=\"\"><strong>GOLEIROS<\/strong><br \/>\nAlisson (Inter)<br \/>\nMarcelo Grohe (Gr\u00eamio)<br \/>\nDiego Alves (Valencia)<\/p>\n<p><strong>ZAGUEIROS<\/strong><br \/>\nDavid Luiz (PSG)<br \/>\nMiranda (Inter de Mil\u00e3o)<br \/>\nMarquinhos (PSG)<br \/>\nGil (Shandong)<\/p>\n<p><strong>LATERAIS<\/strong><br \/>\nDanilo (Real Madrid)<br \/>\nDaniel Alves (Barcelona)<br \/>\nFilipe Luis (Atl\u00e9tico de Madrid)<br \/>\nAlex Sandro (Juventus)<\/p>\n<p><strong>VOLANTES<\/strong><br \/>\nLuiz Gustavo (Wolfsburg)<br \/>\nFernandinho (Manchester City)<br \/>\nRenato Augusto (Beijing Guoan)<\/p>\n<p><strong>MEIA-ATACANTES<br \/>\n<\/strong>Philippe Coutinho (Liverpool)<br \/>\nOscar (Chelsea)<br \/>\nLucas Lima (Santos)<br \/>\nWillian (Chelsea)<br \/>\nKak\u00e1 (Orlando City)<br \/>\nDouglas Costa (Bayern)<\/p>\n<p><strong>ATACANTES<\/strong><br \/>\nNeymar (Barcelona)<br \/>\nHulk (Zenit)<br \/>\nRicardo Oliveira (Santos)<\/p>\n<p class=\"\"><em><br \/>\n<\/em><\/p>\n","protected":false},"excerpt":{"rendered":"<p>O t\u00e9cnico Dunga anunciou nesta quinta-feira a lista de jogadores convocados para os jogos contra Uruguai e Paraguai, pelas Eliminat\u00f3rias da Copa do Mundo de 2018, na R\u00fassia. O Brasil enfrenta a Celeste no dia 25, \u00e0s 21h45 (de Bras\u00edlia), na Arena Pernambuco. A partida contra os paraguaios ser\u00e1 disputada no Est\u00e1dio Defensores Del Chaco, [&hellip;]<\/p>\n","protected":false},"author":4,"featured_media":21892,"comment_status":"closed","ping_status":"closed","sticky":false,"template":"","format":"standard","meta":{"footnotes":""},"categories":[29],"tags":[],"class_list":["post-21891","post","type-post","status-publish","format-standard","has-post-thumbnail","hentry","category-esporte"],"_links":{"self":[{"href":"https:\/\/www.ocorreionews.com.br\/acervo-correio\/index.php?rest_route=\/wp\/v2\/posts\/21891","targetHints":{"allow":["GET"]}}],"collection":[{"href":"https:\/\/www.ocorreionews.com.br\/acervo-correio\/index.php?rest_route=\/wp\/v2\/posts"}],"about":[{"href":"https:\/\/www.ocorreionews.com.br\/acervo-correio\/index.php?rest_route=\/wp\/v2\/types\/post"}],"author":[{"embeddable":true,"href":"https:\/\/www.ocorreionews.com.br\/acervo-correio\/index.php?rest_route=\/wp\/v2\/users\/4"}],"replies":[{"embeddable":true,"href":"https:\/\/www.ocorreionews.com.br\/acervo-correio\/index.php?rest_route=%2Fwp%2Fv2%2Fcomments&post=21891"}],"version-history":[{"count":0,"href":"https:\/\/www.ocorreionews.com.br\/acervo-correio\/index.php?rest_route=\/wp\/v2\/posts\/21891\/revisions"}],"wp:featuredmedia":[{"embeddable":true,"href":"https:\/\/www.ocorreionews.com.br\/acervo-correio\/index.php?rest_route=\/wp\/v2\/media\/21892"}],"wp:attachment":[{"href":"https:\/\/www.ocorreionews.com.br\/acervo-correio\/index.php?rest_route=%2Fwp%2Fv2%2Fmedia&parent=21891"}],"wp:term":[{"taxonomy":"category","embeddable":true,"href":"https:\/\/www.ocorreionews.com.br\/acervo-correio\/index.php?rest_route=%2Fwp%2Fv2%2Fcategories&post=21891"},{"taxonomy":"post_tag","embeddable":true,"href":"https:\/\/www.ocorreionews.com.br\/acervo-correio\/index.php?rest_route=%2Fwp%2Fv2%2Ftags&post=21891"}],"curies":[{"name":"wp","href":"https:\/\/api.w.org\/{rel}","templated":true}]}}