{"id":21907,"date":"2016-03-03T13:20:26","date_gmt":"2016-03-03T17:20:26","guid":{"rendered":"https:\/\/ocorreionews.com.br\/?p=21907"},"modified":"2016-03-03T13:59:00","modified_gmt":"2016-03-03T17:59:00","slug":"costa-rica-disponibiliza-nova-atualizacao-da-central-de-vagas-dos-centros-de-educacao-infantil","status":"publish","type":"post","link":"https:\/\/www.ocorreionews.com.br\/acervo-correio\/?p=21907","title":{"rendered":"Costa Rica disponibiliza nova atualiza\u00e7\u00e3o da Central de Vagas dos Centros de Educa\u00e7\u00e3o Infantil"},"content":{"rendered":"<div class=\"marginBottom30px link-Internas\">\n<p>Ap\u00f3s retornar das f\u00e9rias escolares, a Administra\u00e7\u00e3o Municipal por meio da Secretaria de Educa\u00e7\u00e3o de Costa Rica &#8211; MS disponibilizou na quarta-feira, 02 de mar\u00e7o de 2016, a nova atualiza\u00e7\u00e3o da Central de Vagas dos CEIs &#8211; Centros de Educa\u00e7\u00e3o Infantil.<\/p>\n<p>A partir deste m\u00eas de mar\u00e7o, assim como foi feito desde o in\u00edcio da administra\u00e7\u00e3o do prefeito Waldeli dos Santos Rosa, a atualiza\u00e7\u00e3o ser\u00e1 feita semanalmente. \u201cCom a implanta\u00e7\u00e3o deste Cadastro \u00danico conseguimos melhorar o servi\u00e7o de vagas nos centros de educa\u00e7\u00e3o infantil do Munic\u00edpio\u201d, declarou o Chefe do Executivo Municipal ao lembrar que a Central de Vagas foi implantada em fevereiro de 2013.<\/p>\n<p><strong><a href=\"http:\/\/www.costarica.ms.gov.br\/up\/UpCeinf\/2015_04_21\/UpCeinf-1429631833_19363_1.pdf\">Clique em Download<\/a>\u00a0<\/strong>para acompanhar a lista atualizada com informa\u00e7\u00f5es da Central de Vagas, referente ao in\u00edcio do m\u00eas de mar\u00e7o de 2016.<\/p>\n<p>A lista pode ser encontrada no site institucional (www.costarica.ms.gov.br) no canto direito da p\u00e1gina, basta clicar no banner Central de Vagas.<\/p>\n<p>A gestora Professora Mestre Manuelina Martins da Silva Arantes Cabral refor\u00e7a que os dados fornecidos pela SEMED \u2013 Secretaria Municipal de Educa\u00e7\u00e3o &#8211; atrav\u00e9s da p\u00e1gina oficial do Munic\u00edpio, evitam o deslocamento e a espera na sede do \u00f3rg\u00e3o em busca de informa\u00e7\u00f5es sobre o andamento das vagas.<\/p>\n<p>Para mais informa\u00e7\u00f5es ligue (67) 3247 7001 ou v\u00e1 at\u00e9 a sede da SEMED localizada na Rua Jos\u00e9 Pereira da Silva, Centro de Costa Rica.<\/p>\n<\/div>\n<div class=\"marginBottom30px link-Internas\">ASSECOM\/PMCR<\/div>\n","protected":false},"excerpt":{"rendered":"<p>Ap\u00f3s retornar das f\u00e9rias escolares, a Administra\u00e7\u00e3o Municipal por meio da Secretaria de Educa\u00e7\u00e3o de Costa Rica &#8211; MS disponibilizou na quarta-feira, 02 de mar\u00e7o de 2016, a nova atualiza\u00e7\u00e3o da Central de Vagas dos CEIs &#8211; Centros de Educa\u00e7\u00e3o Infantil. A partir deste m\u00eas de mar\u00e7o, assim como foi feito desde o in\u00edcio da [&hellip;]<\/p>\n","protected":false},"author":4,"featured_media":21908,"comment_status":"closed","ping_status":"closed","sticky":false,"template":"","format":"standard","meta":{"footnotes":""},"categories":[25],"tags":[],"class_list":["post-21907","post","type-post","status-publish","format-standard","has-post-thumbnail","hentry","category-costa-rica"],"_links":{"self":[{"href":"https:\/\/www.ocorreionews.com.br\/acervo-correio\/index.php?rest_route=\/wp\/v2\/posts\/21907","targetHints":{"allow":["GET"]}}],"collection":[{"href":"https:\/\/www.ocorreionews.com.br\/acervo-correio\/index.php?rest_route=\/wp\/v2\/posts"}],"about":[{"href":"https:\/\/www.ocorreionews.com.br\/acervo-correio\/index.php?rest_route=\/wp\/v2\/types\/post"}],"author":[{"embeddable":true,"href":"https:\/\/www.ocorreionews.com.br\/acervo-correio\/index.php?rest_route=\/wp\/v2\/users\/4"}],"replies":[{"embeddable":true,"href":"https:\/\/www.ocorreionews.com.br\/acervo-correio\/index.php?rest_route=%2Fwp%2Fv2%2Fcomments&post=21907"}],"version-history":[{"count":0,"href":"https:\/\/www.ocorreionews.com.br\/acervo-correio\/index.php?rest_route=\/wp\/v2\/posts\/21907\/revisions"}],"wp:featuredmedia":[{"embeddable":true,"href":"https:\/\/www.ocorreionews.com.br\/acervo-correio\/index.php?rest_route=\/wp\/v2\/media\/21908"}],"wp:attachment":[{"href":"https:\/\/www.ocorreionews.com.br\/acervo-correio\/index.php?rest_route=%2Fwp%2Fv2%2Fmedia&parent=21907"}],"wp:term":[{"taxonomy":"category","embeddable":true,"href":"https:\/\/www.ocorreionews.com.br\/acervo-correio\/index.php?rest_route=%2Fwp%2Fv2%2Fcategories&post=21907"},{"taxonomy":"post_tag","embeddable":true,"href":"https:\/\/www.ocorreionews.com.br\/acervo-correio\/index.php?rest_route=%2Fwp%2Fv2%2Ftags&post=21907"}],"curies":[{"name":"wp","href":"https:\/\/api.w.org\/{rel}","templated":true}]}}