{"id":21924,"date":"2016-03-04T06:28:47","date_gmt":"2016-03-04T10:28:47","guid":{"rendered":"https:\/\/ocorreionews.com.br\/?p=21924"},"modified":"2016-03-04T07:33:55","modified_gmt":"2016-03-04T11:33:55","slug":"chapadao-do-ceu-obras-de-pocos-estao-quase-concluidas","status":"publish","type":"post","link":"https:\/\/www.ocorreionews.com.br\/acervo-correio\/?p=21924","title":{"rendered":"Chapad\u00e3o do C\u00e9u: Obras de po\u00e7os est\u00e3o quase conclu\u00eddas"},"content":{"rendered":"<p>A Secret\u00e1ria de Administra\u00e7\u00e3o de Chapad\u00e3o do C\u00e9u (GO), Edil\u00e9ia de David\u00a0e\u00a0o diretor da Saneac\u00e9u, Rozenildo, foram visitar as obras dos po\u00e7os.<\/p>\n<p>O po\u00e7o localizado na Av. Netuno encontra-se em constru\u00e7\u00e3o, com t\u00e9rmino da perfura\u00e7\u00e3o previsto para at\u00e9 dia 11. As constru\u00e7\u00f5es suplementares, por parte da Saneac\u00e9u, ser\u00e3o conclu\u00eddas em uma semana ap\u00f3s o t\u00e9rmino da perfura\u00e7\u00e3o do po\u00e7o.<\/p>\n<p>Com 120m de profundidade, revestido em pvc geomec\u00e2nico, com conjunto motor-bomba submers\u00edvel e tubos upvc, este po\u00e7o \u00e9 destinado \u00e0 capta\u00e7\u00e3o de \u00e1gua subterr\u00e2nea, para o abastecimento p\u00fablico do Setor Central e adjacentes.<\/p>\n<p>O Segundo po\u00e7o,\u00a0localizado na Av. Merc\u00fario, esquina com Av. Monjolo, j\u00e1 est\u00e1 em funcionamento desde o dia 17 de fevereiro, faltando apenas constru\u00e7\u00f5es suplementares (as quais est\u00e3o em andamento), para conclus\u00e3o da obra.<\/p>\n<div class=\"banner-single\"><\/div>\n<p>Com 142m de profundidade, revestido em pvc geomec\u00e2nico, com conjunto motor-bomba submers\u00edvel de 12hp e tubos upvc, esse po\u00e7o \u00e9 destinado para capta\u00e7\u00e3o de \u00e1gua subterr\u00e2nea para o abastecimento p\u00fablico do Setor Pioneiro e adjacentes.<\/p>\n<p>Em reuni\u00e3o, o Prefeito Rog\u00e9rio Graxa diz estar satisfeito com as obras, que est\u00e3o dentro do prazo contratado e que o resultado traz mais qualidade de vida para a popula\u00e7\u00e3o, que ir\u00e1 receber \u00e1gua limpa e ir\u00e1 sanar o problema da aus\u00eancia de \u00e1gua.<\/p>\n<p><em>Fonte: Assecom \/ P.D<\/em><\/p>\n","protected":false},"excerpt":{"rendered":"<p>A Secret\u00e1ria de Administra\u00e7\u00e3o de Chapad\u00e3o do C\u00e9u (GO), Edil\u00e9ia de David\u00a0e\u00a0o diretor da Saneac\u00e9u, Rozenildo, foram visitar as obras dos po\u00e7os. O po\u00e7o localizado na Av. Netuno encontra-se em constru\u00e7\u00e3o, com t\u00e9rmino da perfura\u00e7\u00e3o previsto para at\u00e9 dia 11. As constru\u00e7\u00f5es suplementares, por parte da Saneac\u00e9u, ser\u00e3o conclu\u00eddas em uma semana ap\u00f3s o t\u00e9rmino [&hellip;]<\/p>\n","protected":false},"author":4,"featured_media":21925,"comment_status":"closed","ping_status":"closed","sticky":false,"template":"","format":"standard","meta":{"footnotes":""},"categories":[22],"tags":[],"class_list":["post-21924","post","type-post","status-publish","format-standard","has-post-thumbnail","hentry","category-chapadao-do-ceu"],"_links":{"self":[{"href":"https:\/\/www.ocorreionews.com.br\/acervo-correio\/index.php?rest_route=\/wp\/v2\/posts\/21924","targetHints":{"allow":["GET"]}}],"collection":[{"href":"https:\/\/www.ocorreionews.com.br\/acervo-correio\/index.php?rest_route=\/wp\/v2\/posts"}],"about":[{"href":"https:\/\/www.ocorreionews.com.br\/acervo-correio\/index.php?rest_route=\/wp\/v2\/types\/post"}],"author":[{"embeddable":true,"href":"https:\/\/www.ocorreionews.com.br\/acervo-correio\/index.php?rest_route=\/wp\/v2\/users\/4"}],"replies":[{"embeddable":true,"href":"https:\/\/www.ocorreionews.com.br\/acervo-correio\/index.php?rest_route=%2Fwp%2Fv2%2Fcomments&post=21924"}],"version-history":[{"count":0,"href":"https:\/\/www.ocorreionews.com.br\/acervo-correio\/index.php?rest_route=\/wp\/v2\/posts\/21924\/revisions"}],"wp:featuredmedia":[{"embeddable":true,"href":"https:\/\/www.ocorreionews.com.br\/acervo-correio\/index.php?rest_route=\/wp\/v2\/media\/21925"}],"wp:attachment":[{"href":"https:\/\/www.ocorreionews.com.br\/acervo-correio\/index.php?rest_route=%2Fwp%2Fv2%2Fmedia&parent=21924"}],"wp:term":[{"taxonomy":"category","embeddable":true,"href":"https:\/\/www.ocorreionews.com.br\/acervo-correio\/index.php?rest_route=%2Fwp%2Fv2%2Fcategories&post=21924"},{"taxonomy":"post_tag","embeddable":true,"href":"https:\/\/www.ocorreionews.com.br\/acervo-correio\/index.php?rest_route=%2Fwp%2Fv2%2Ftags&post=21924"}],"curies":[{"name":"wp","href":"https:\/\/api.w.org\/{rel}","templated":true}]}}