{"id":21931,"date":"2016-03-04T07:20:08","date_gmt":"2016-03-04T11:20:08","guid":{"rendered":"https:\/\/ocorreionews.com.br\/?p=21931"},"modified":"2016-03-04T07:20:08","modified_gmt":"2016-03-04T11:20:08","slug":"policia-deflagra-nova-fase-da-lava-jato-na-casa-do-ex-presidente-lula","status":"publish","type":"post","link":"https:\/\/www.ocorreionews.com.br\/acervo-correio\/?p=21931","title":{"rendered":"Pol\u00edcia deflagra nova fase da Lava Jato na casa do ex-presidente Lula"},"content":{"rendered":"<p>A Opera\u00e7\u00e3o Lava Jato, que come\u00e7ou em mar\u00e7o de 2014 e investiga um esquema bilion\u00e1rio de lavagem de dinheiro e evas\u00e3o de divisas, chegou \u00e0 24\u00aa fase nesta sexta-feira (4). Segundo a Pol\u00edcia Federal (PF), a opera\u00e7\u00e3o ocorre na casa do ex-presidente Luiz In\u00e1cio Lula da Silva, em S\u00e3o Bernardo do Campo, e em outros pontos em S\u00e3o Paulo, no Rio de Janeiro e na Bahia. O Instituto Lula tamb\u00e9m \u00e9 alvo da a\u00e7\u00e3o PF.<\/p>\n<figure id=\"attachment_21932\" aria-describedby=\"caption-attachment-21932\" style=\"width: 300px\" class=\"wp-caption alignright\"><a href=\"https:\/\/ocorreionews.com.br\/wp-content\/uploads\/2016\/03\/institutolula.png\" rel=\"attachment wp-att-21932\"><img loading=\"lazy\" decoding=\"async\" class=\"wp-image-21932 size-medium\" src=\"https:\/\/ocorreionews.com.br\/wp-content\/uploads\/2016\/03\/institutolula-300x225.png\" alt=\"institutolula\" width=\"300\" height=\"225\" srcset=\"https:\/\/www.ocorreionews.com.br\/acervo-correio\/wp-content\/uploads\/2016\/03\/institutolula-300x225.png 300w, https:\/\/www.ocorreionews.com.br\/acervo-correio\/wp-content\/uploads\/2016\/03\/institutolula-100x75.png 100w, https:\/\/www.ocorreionews.com.br\/acervo-correio\/wp-content\/uploads\/2016\/03\/institutolula.png 620w\" sizes=\"auto, (max-width: 300px) 100vw, 300px\" \/><\/a><figcaption id=\"caption-attachment-21932\" class=\"wp-caption-text\">PF faz opera\u00e7\u00e3o na casa do ex-presidente Lula e no Instituto Lula (Foto: Reprodu\u00e7\u00e3o\/TV Globo)<\/figcaption><\/figure>\n<p>O ex-presidente \u00e9 alvo de um dos mandados de condu\u00e7\u00e3o coercitiva e ser\u00e1 levado para prestar esclarecimentos, segundo a Pol\u00edcia Federal. \u00c0s 8h04, ele foi levado para depor \u00e0 PF em um carro descaracterizado. At\u00e9 este hor\u00e1rio, n\u00e3o havia informa\u00e7\u00f5es sobre onde seria realizado o depoimento.<\/p>\n<p>O presidente do Instituto Lula, Paulo Okamoto, tamb\u00e9m \u00e9 alvo de outro mandado de condu\u00e7\u00e3o. A PF tamb\u00e9m cumpre mandados de busca e apreens\u00e3o na casa do ex-presidente Lula, na casa e empresa dos filhos dele e no s\u00edtio que era constantemente frequentado por Lula, em Atibaia.<\/p>\n<p>Ao todo, foram expedidos 44 mandados judiciais, sendo 33 de busca e apreens\u00e3o e 11 de condu\u00e7\u00e3o coercitiva &#8211; quando a pessoa \u00e9 intimada para prestar depoimento. Duzentos policiais federais e 30 auditores da Receita Federal participam da a\u00e7\u00e3o, que foi batizada de \u201cAletheia\u201d. O termo \u00e9 uma \u00e9 uma refer\u00eancia a uma express\u00e3o grega que significa \u201cbusca da verdade\u201d.<\/p>\n<p>No Rio de Janeiro, os mandados est\u00e3o sendo cumpridos na capital, assim como na Bahia. J\u00e1 em S\u00e3o Paulo, os munic\u00edpios em que a opera\u00e7\u00e3o \u00e9 realizada s\u00e3o: S\u00e3o Paulo, S\u00e3o Bernardo do Campo, Atibaia, Guaruj\u00e1, Diadema, Santo Andr\u00e9 e Manduri.<\/p>\n<p><strong>Investiga\u00e7\u00f5es<\/strong><br \/>\nDe acordo com o Minist\u00e9rio P\u00fablico Federal (PMF), a a\u00e7\u00e3o foi deflagrada para aprofundar a investiga\u00e7\u00e3o de poss\u00edveis crimes de corrup\u00e7\u00e3o e lavagem de dinheiro oriundo de desvios da Petrobras, praticados por meio de pagamentos dissimulados feitos por Jos\u00e9 Carlos Bumlai e pelas construtoras OAS e Odebrecht ao Lula e pessoas associadas.<\/p>\n<p>H\u00e1 evid\u00eancias de que o ex-presidente recebeu valores oriundos do esquema Petrobras por meio da destina\u00e7\u00e3o e reforma de um apartamento triplex e do s\u00edtio em Atibaia, da entrega de m\u00f3veis de luxo nos dois im\u00f3veis e da armazenagem de bens por transportadora. Tamb\u00e9m s\u00e3o apurados pagamentos ao ex-Presidente, feitos por empresas investigadas na Lava Jato, a t\u00edtulo de supostas doa\u00e7\u00f5es e palestras.<\/p>\n<p>O avan\u00e7o das investiga\u00e7\u00f5es revelou, tamb\u00e9m, evid\u00eancias de que o ex-Presidente recebeu, em 2014, pelo menos R$ 1 milh\u00e3o sem aparente justificativa econ\u00f4mica l\u00edcita da OAS, por meio de reformas e m\u00f3veis de luxo implantados no apartamento tipo triplex, n\u00famero 164-A, do Condom\u00ednio Solaris, em Guaruj\u00e1.<\/p>\n<div id=\"4858603\" class=\"video componente_materia\">\u00a0No dia 29 de fevereiro, o procurador da Rep\u00fablica Deltan Dallagnol enviou uma manifesta\u00e7\u00e3o \u00e0 ministra Rosa Weber, do Supremo Tribunal Federal (STF), defendendo que uma investiga\u00e7\u00e3o em curso sobre propriedades atribu\u00eddas ao ex-presidente Luiz In\u00e1cio Lula da Silva seja mantida dentro da Opera\u00e7\u00e3o Lava Jato, a cargo do Minist\u00e9rio P\u00fablico Federal no Paran\u00e1.<\/div>\n<p>Coordenador da for\u00e7a-tarefa da Lava Jato no Paran\u00e1, Dallagnol destacou que poss\u00edveis vantagens supostamente recebidas por Lula de empreiteiras teriam sido repassadas durante o mandato presidencial do petista.<\/p>\n<p>O of\u00edcio \u00e9 uma resposta a um pedido feito no dia 26 de fevereiro pelo petista para suspender a investiga\u00e7\u00e3o sobre reformas num apartamento no Guaruj\u00e1 (SP) e num s\u00edtio em Atibaia (SP), que teriam sido feitas em favor da fam\u00edlia do petista por construtoras investigadas no esc\u00e2ndalo da Petrobras.<\/p>\n<p><strong>23\u00aa fase<\/strong><br \/>\nA 23\u00aa fase, batizada de Acaraj\u00e9, foi deflagrada no dia 22 de fevereiro e prendeu o marqueteiro do Partido dos Trabalhadores (PT) Jo\u00e3o Santana, al\u00e9m de mulher dele Monica Moura. Os dois s\u00e3o suspeitos de receber US$ 7,5 milh\u00f5es em conta secreta no exterior.<\/p>\n<p>Santana \u00e9 publicit\u00e1rio e foi marqueteiro das campanhas da presidente Dilma Rousseff (PT) e da campanha da reelei\u00e7\u00e3o do ex-presidente Luiz In\u00e1cio Lula da Silva (PT), em 2006.<\/p>\n<p>Acaraj\u00e9 era o nome usado pelos suspeitos para se referirem ao dinheiro irregular. A PF suspeita que os recursos tenham origem no esquema de corrup\u00e7\u00e3o na Petrobras investigado na Opera\u00e7\u00e3o Lava Jato.<\/p>\n<p>&nbsp;<\/p>\n<p>&nbsp;<\/p>\n<p>&nbsp;<\/p>\n<div class=\"materia-assinatura-letra\">\n<div class=\"materia-assinatura\">\n<p class=\"vcard author\"><strong class=\"fn\">Adriana Justi e Camila Bomfim<\/strong><span class=\"adr\"><span class=\"locality\">Do G1 PR e da TV Globo em Bras\u00edlia<\/span><\/span><\/p>\n<\/div>\n<\/div>\n","protected":false},"excerpt":{"rendered":"<p>A Opera\u00e7\u00e3o Lava Jato, que come\u00e7ou em mar\u00e7o de 2014 e investiga um esquema bilion\u00e1rio de lavagem de dinheiro e evas\u00e3o de divisas, chegou \u00e0 24\u00aa fase nesta sexta-feira (4). Segundo a Pol\u00edcia Federal (PF), a opera\u00e7\u00e3o ocorre na casa do ex-presidente Luiz In\u00e1cio Lula da Silva, em S\u00e3o Bernardo do Campo, e em outros [&hellip;]<\/p>\n","protected":false},"author":4,"featured_media":21933,"comment_status":"closed","ping_status":"closed","sticky":false,"template":"","format":"standard","meta":{"footnotes":""},"categories":[38,37],"tags":[],"class_list":["post-21931","post","type-post","status-publish","format-standard","has-post-thumbnail","hentry","category-policia","category-politica"],"_links":{"self":[{"href":"https:\/\/www.ocorreionews.com.br\/acervo-correio\/index.php?rest_route=\/wp\/v2\/posts\/21931","targetHints":{"allow":["GET"]}}],"collection":[{"href":"https:\/\/www.ocorreionews.com.br\/acervo-correio\/index.php?rest_route=\/wp\/v2\/posts"}],"about":[{"href":"https:\/\/www.ocorreionews.com.br\/acervo-correio\/index.php?rest_route=\/wp\/v2\/types\/post"}],"author":[{"embeddable":true,"href":"https:\/\/www.ocorreionews.com.br\/acervo-correio\/index.php?rest_route=\/wp\/v2\/users\/4"}],"replies":[{"embeddable":true,"href":"https:\/\/www.ocorreionews.com.br\/acervo-correio\/index.php?rest_route=%2Fwp%2Fv2%2Fcomments&post=21931"}],"version-history":[{"count":0,"href":"https:\/\/www.ocorreionews.com.br\/acervo-correio\/index.php?rest_route=\/wp\/v2\/posts\/21931\/revisions"}],"wp:featuredmedia":[{"embeddable":true,"href":"https:\/\/www.ocorreionews.com.br\/acervo-correio\/index.php?rest_route=\/wp\/v2\/media\/21933"}],"wp:attachment":[{"href":"https:\/\/www.ocorreionews.com.br\/acervo-correio\/index.php?rest_route=%2Fwp%2Fv2%2Fmedia&parent=21931"}],"wp:term":[{"taxonomy":"category","embeddable":true,"href":"https:\/\/www.ocorreionews.com.br\/acervo-correio\/index.php?rest_route=%2Fwp%2Fv2%2Fcategories&post=21931"},{"taxonomy":"post_tag","embeddable":true,"href":"https:\/\/www.ocorreionews.com.br\/acervo-correio\/index.php?rest_route=%2Fwp%2Fv2%2Ftags&post=21931"}],"curies":[{"name":"wp","href":"https:\/\/api.w.org\/{rel}","templated":true}]}}