{"id":21935,"date":"2016-03-04T07:19:11","date_gmt":"2016-03-04T11:19:11","guid":{"rendered":"https:\/\/ocorreionews.com.br\/?p=21935"},"modified":"2016-03-04T07:28:01","modified_gmt":"2016-03-04T11:28:01","slug":"ciclista-e-picado-por-cobra-enquanto-pedalava-em-br","status":"publish","type":"post","link":"https:\/\/www.ocorreionews.com.br\/acervo-correio\/?p=21935","title":{"rendered":"Ciclista \u00e9 picado por cobra enquanto pedalava em BR"},"content":{"rendered":"<p>O ciclista Paulo Oliveira, de 35 anos, levou um grande susto no final da tarde desta quinta-feira (03). Enquanto pedalava na BR-359, em Coxim, ele foi picado por uma cobra.<\/p>\n<p>Oliveira contou que pedalava normalmente quando a cobra pulou em sua perna, onde tamb\u00e9m se enrolou. O ciclista conseguiu tirar a cobra da sua perna e a mesma adentrou no matagal.<\/p>\n<p>Socorrido por terceiros, ele foi ao encontro de uma equipe do Corpo de Bombeiros e SAMU (Servi\u00e7o de Atendimento M\u00f3vel de Urg\u00eancia). Em seguida, Oliveira foi levado para o Hospital Regional \u00c1lvaro Fontoura.<\/p>\n<p>O ciclista n\u00e3o soube dizer a esp\u00e9cie da cobra, mas deve receber soro antiof\u00eddico.<\/p>\n<p>&nbsp;<\/p>\n<p>&nbsp;<\/p>\n<p>Edi\u00e7\u00e3o de Noticias<\/p>\n","protected":false},"excerpt":{"rendered":"<p>O ciclista Paulo Oliveira, de 35 anos, levou um grande susto no final da tarde desta quinta-feira (03). Enquanto pedalava na BR-359, em Coxim, ele foi picado por uma cobra. Oliveira contou que pedalava normalmente quando a cobra pulou em sua perna, onde tamb\u00e9m se enrolou. O ciclista conseguiu tirar a cobra da sua perna [&hellip;]<\/p>\n","protected":false},"author":4,"featured_media":21936,"comment_status":"closed","ping_status":"closed","sticky":false,"template":"","format":"standard","meta":{"footnotes":""},"categories":[38],"tags":[],"class_list":["post-21935","post","type-post","status-publish","format-standard","has-post-thumbnail","hentry","category-policia"],"_links":{"self":[{"href":"https:\/\/www.ocorreionews.com.br\/acervo-correio\/index.php?rest_route=\/wp\/v2\/posts\/21935","targetHints":{"allow":["GET"]}}],"collection":[{"href":"https:\/\/www.ocorreionews.com.br\/acervo-correio\/index.php?rest_route=\/wp\/v2\/posts"}],"about":[{"href":"https:\/\/www.ocorreionews.com.br\/acervo-correio\/index.php?rest_route=\/wp\/v2\/types\/post"}],"author":[{"embeddable":true,"href":"https:\/\/www.ocorreionews.com.br\/acervo-correio\/index.php?rest_route=\/wp\/v2\/users\/4"}],"replies":[{"embeddable":true,"href":"https:\/\/www.ocorreionews.com.br\/acervo-correio\/index.php?rest_route=%2Fwp%2Fv2%2Fcomments&post=21935"}],"version-history":[{"count":0,"href":"https:\/\/www.ocorreionews.com.br\/acervo-correio\/index.php?rest_route=\/wp\/v2\/posts\/21935\/revisions"}],"wp:featuredmedia":[{"embeddable":true,"href":"https:\/\/www.ocorreionews.com.br\/acervo-correio\/index.php?rest_route=\/wp\/v2\/media\/21936"}],"wp:attachment":[{"href":"https:\/\/www.ocorreionews.com.br\/acervo-correio\/index.php?rest_route=%2Fwp%2Fv2%2Fmedia&parent=21935"}],"wp:term":[{"taxonomy":"category","embeddable":true,"href":"https:\/\/www.ocorreionews.com.br\/acervo-correio\/index.php?rest_route=%2Fwp%2Fv2%2Fcategories&post=21935"},{"taxonomy":"post_tag","embeddable":true,"href":"https:\/\/www.ocorreionews.com.br\/acervo-correio\/index.php?rest_route=%2Fwp%2Fv2%2Ftags&post=21935"}],"curies":[{"name":"wp","href":"https:\/\/api.w.org\/{rel}","templated":true}]}}