{"id":21938,"date":"2016-03-04T07:33:33","date_gmt":"2016-03-04T11:33:33","guid":{"rendered":"https:\/\/ocorreionews.com.br\/?p=21938"},"modified":"2016-03-04T07:33:33","modified_gmt":"2016-03-04T11:33:33","slug":"prf-localiza-agrotoxico-ilegal-em-colheitadeira-que-era-levada-para-sonora","status":"publish","type":"post","link":"https:\/\/www.ocorreionews.com.br\/acervo-correio\/?p=21938","title":{"rendered":"PRF localiza agrot\u00f3xico ilegal em colheitadeira que era levada para Sonora"},"content":{"rendered":"<p>m motorista de 24 anos foi preso pela Pol\u00edcia Rodovi\u00e1ria Federal (PRF), ap\u00f3s ser flagrado transportando 220 quilos de agrot\u00f3xico acondicionados no compartimento de dep\u00f3sito de gr\u00e3os de uma colheitadeira que era transportada na carreta Volvo VM 330, na tarde desta quinta-feira (03), por volta das 16 horas em Coxim.<\/p>\n<p>De acordo com informa\u00e7\u00f5es da PRF, o flagrante ocorreu no quil\u00f4metro 734 da BR-163, o motorista n\u00e3o portava a nota fiscal comprobat\u00f3ria de origem do agrot\u00f3xico que estava em desacordo com o transporte de Produto Perigoso com risco de contamina\u00e7\u00e3o em objetos destinados a uso humano ou animal (dep\u00f3sito de sementes da colheitadeira).<\/p>\n<p><a href=\"http:\/\/idest.com.br\/arquivos\/NoticiasFotos\/g\/idest06934220160304082446001.jpg\" target=\"_blank\" rel=\"lightbox[roadtrip]\"><img decoding=\"async\" src=\"http:\/\/idest.com.br\/arquivos\/NoticiasFotos\/g\/idest06934220160304082446001.jpg\" alt=\"\" width=\"300\" align=\"right\" border=\"0\" \/><\/a><\/p>\n<p>O condutor declarou \u00e0 PRF, desconhecer o transporte dos agrot\u00f3xicos no interior da colheitadeira e que tamb\u00e9m n\u00e3o possui o curso espec\u00edfico para transporte de produto perigoso. Alegou ter embarcado a m\u00e1quina agr\u00edcola em uma fazenda em S\u00e3o Gabriel do Oeste e levaria at\u00e9 o munic\u00edpio de Sonora, em outra fazenda do mesmo propriet\u00e1rio.<\/p>\n<p>Diante dos fatos e da configura\u00e7\u00e3o do crime ambiental, o motorista foi encaminhado para a Pol\u00edcia Civil para provid\u00eancias de praxe.<\/p>\n<p>&nbsp;<\/p>\n<p>&nbsp;<\/p>\n<p><a href=\"https:\/\/ocorreionews.com.br\/wp-content\/uploads\/2016\/03\/agrotoxicos-colhedeira.jpg\" rel=\"attachment wp-att-21940\"><img loading=\"lazy\" decoding=\"async\" class=\"alignnone wp-image-21940 size-full\" src=\"https:\/\/ocorreionews.com.br\/wp-content\/uploads\/2016\/03\/agrotoxicos-colhedeira.jpg\" alt=\"agrotoxicos colhedeira\" width=\"750\" height=\"500\" srcset=\"https:\/\/www.ocorreionews.com.br\/acervo-correio\/wp-content\/uploads\/2016\/03\/agrotoxicos-colhedeira.jpg 750w, https:\/\/www.ocorreionews.com.br\/acervo-correio\/wp-content\/uploads\/2016\/03\/agrotoxicos-colhedeira-300x200.jpg 300w\" sizes=\"auto, (max-width: 750px) 100vw, 750px\" \/><\/a><\/p>\n<p>&nbsp;<\/p>\n<p>IDEST<\/p>\n","protected":false},"excerpt":{"rendered":"<p>m motorista de 24 anos foi preso pela Pol\u00edcia Rodovi\u00e1ria Federal (PRF), ap\u00f3s ser flagrado transportando 220 quilos de agrot\u00f3xico acondicionados no compartimento de dep\u00f3sito de gr\u00e3os de uma colheitadeira que era transportada na carreta Volvo VM 330, na tarde desta quinta-feira (03), por volta das 16 horas em Coxim. De acordo com informa\u00e7\u00f5es da [&hellip;]<\/p>\n","protected":false},"author":4,"featured_media":21939,"comment_status":"closed","ping_status":"closed","sticky":false,"template":"","format":"standard","meta":{"footnotes":""},"categories":[38],"tags":[],"class_list":["post-21938","post","type-post","status-publish","format-standard","has-post-thumbnail","hentry","category-policia"],"_links":{"self":[{"href":"https:\/\/www.ocorreionews.com.br\/acervo-correio\/index.php?rest_route=\/wp\/v2\/posts\/21938","targetHints":{"allow":["GET"]}}],"collection":[{"href":"https:\/\/www.ocorreionews.com.br\/acervo-correio\/index.php?rest_route=\/wp\/v2\/posts"}],"about":[{"href":"https:\/\/www.ocorreionews.com.br\/acervo-correio\/index.php?rest_route=\/wp\/v2\/types\/post"}],"author":[{"embeddable":true,"href":"https:\/\/www.ocorreionews.com.br\/acervo-correio\/index.php?rest_route=\/wp\/v2\/users\/4"}],"replies":[{"embeddable":true,"href":"https:\/\/www.ocorreionews.com.br\/acervo-correio\/index.php?rest_route=%2Fwp%2Fv2%2Fcomments&post=21938"}],"version-history":[{"count":0,"href":"https:\/\/www.ocorreionews.com.br\/acervo-correio\/index.php?rest_route=\/wp\/v2\/posts\/21938\/revisions"}],"wp:featuredmedia":[{"embeddable":true,"href":"https:\/\/www.ocorreionews.com.br\/acervo-correio\/index.php?rest_route=\/wp\/v2\/media\/21939"}],"wp:attachment":[{"href":"https:\/\/www.ocorreionews.com.br\/acervo-correio\/index.php?rest_route=%2Fwp%2Fv2%2Fmedia&parent=21938"}],"wp:term":[{"taxonomy":"category","embeddable":true,"href":"https:\/\/www.ocorreionews.com.br\/acervo-correio\/index.php?rest_route=%2Fwp%2Fv2%2Fcategories&post=21938"},{"taxonomy":"post_tag","embeddable":true,"href":"https:\/\/www.ocorreionews.com.br\/acervo-correio\/index.php?rest_route=%2Fwp%2Fv2%2Ftags&post=21938"}],"curies":[{"name":"wp","href":"https:\/\/api.w.org\/{rel}","templated":true}]}}