{"id":21942,"date":"2016-03-04T07:39:15","date_gmt":"2016-03-04T11:39:15","guid":{"rendered":"https:\/\/ocorreionews.com.br\/?p=21942"},"modified":"2016-03-04T14:26:12","modified_gmt":"2016-03-04T18:26:12","slug":"4a-edicao-da-feira-rica-foi-um-sucesso-comemora-secretario-de-agricultura-e-desenvolvimento","status":"publish","type":"post","link":"https:\/\/www.ocorreionews.com.br\/acervo-correio\/?p=21942","title":{"rendered":"4\u00aa edi\u00e7\u00e3o da Feira Rica foi um sucesso, comemora secret\u00e1rio de Agricultura e Desenvolvimento"},"content":{"rendered":"<div class=\"marginBottom30px link-Internas\">\n<p>O Governo de Costa Rica \u2013 MS por meio da Secretaria Municipal de Agricultura e Desenvolvimento em parceria com empreendedores da cidade realizaram na noite de quarta-feira, 02 de mar\u00e7o de 2016, a 4\u00b0 edi\u00e7\u00e3o da Feira Rica.<\/p>\n<p>O projeto que \u00e9 realizado mensalmente, sempre que poss\u00edvel na primeira quarta-feira do m\u00eas e oferece diversos servi\u00e7os.<\/p>\n<p>O secret\u00e1rio de Agricultura e Desenvolvimento, Keyler Simey Garcia Barbosa, afirma que a feira tem sido um sucesso e explica que ela traz ao comerciante local a oportunidade de mostrar seu servi\u00e7o. \u201cSempre h\u00e1 uma rotatividade entre os comerciantes que participam do projeto. A parte de alimenta\u00e7\u00e3o gera renda para a cidade e faz com que os costarriquenses tenham um local agrad\u00e1vel\u201d, complementa.<\/p>\n<p>Nesta 4\u00aa Edi\u00e7\u00e3o, foram realizados sorteios de brindes a cada meia hora. O evento tamb\u00e9m contou com a participa\u00e7\u00e3o da equipe da Odebrecht Agroindustrial que atendeu a popula\u00e7\u00e3o oferecendo servi\u00e7o de aferi\u00e7\u00e3o de press\u00e3o e teste de glicemia.<\/p>\n<p>No espa\u00e7o do Mercado do Produtor mais de 40 empresas exp\u00f5e seus produtos e servi\u00e7os, entre eles: artesanato, alimentos, vestu\u00e1rios, doces e guloseimas; cerimonial; decora\u00e7\u00e3o; brinquedos infantis; equipamentos eletr\u00f4nicos; semijoias; roupas \u00edntimas; acess\u00f3rios e presentes; bijuterias; tuppweware e pl\u00e1sticos; alum\u00ednios; moda infantil e adulto; confeitarias; esmaltarias; est\u00e9tica e beleza; cortinas e persianas; enxovais; academia e fitness; constru\u00e7\u00e3o civil e engenharia; croch\u00ea e bordados; artesanatos; embutidos e congelados;\u00a0 paisagismos; vasos decorativos; marketing e propaganda, entre outros.<\/p>\n<p><a href=\"https:\/\/ocorreionews.com.br\/wp-content\/uploads\/2016\/03\/4feirarica3.jpg\" rel=\"attachment wp-att-21944\"><img loading=\"lazy\" decoding=\"async\" class=\"alignnone wp-image-21944 size-full\" src=\"https:\/\/ocorreionews.com.br\/wp-content\/uploads\/2016\/03\/4feirarica3.jpg\" alt=\"4feirarica3\" width=\"800\" height=\"530\" srcset=\"https:\/\/www.ocorreionews.com.br\/acervo-correio\/wp-content\/uploads\/2016\/03\/4feirarica3.jpg 800w, https:\/\/www.ocorreionews.com.br\/acervo-correio\/wp-content\/uploads\/2016\/03\/4feirarica3-300x199.jpg 300w, https:\/\/www.ocorreionews.com.br\/acervo-correio\/wp-content\/uploads\/2016\/03\/4feirarica3-768x509.jpg 768w\" sizes=\"auto, (max-width: 800px) 100vw, 800px\" \/><\/a> <a href=\"https:\/\/ocorreionews.com.br\/wp-content\/uploads\/2016\/03\/4feirarica2.jpg\" rel=\"attachment wp-att-21943\"><img loading=\"lazy\" decoding=\"async\" class=\"alignnone wp-image-21943 size-full\" src=\"https:\/\/ocorreionews.com.br\/wp-content\/uploads\/2016\/03\/4feirarica2.jpg\" alt=\"4feirarica2\" width=\"800\" height=\"530\" srcset=\"https:\/\/www.ocorreionews.com.br\/acervo-correio\/wp-content\/uploads\/2016\/03\/4feirarica2.jpg 800w, https:\/\/www.ocorreionews.com.br\/acervo-correio\/wp-content\/uploads\/2016\/03\/4feirarica2-300x199.jpg 300w, https:\/\/www.ocorreionews.com.br\/acervo-correio\/wp-content\/uploads\/2016\/03\/4feirarica2-768x509.jpg 768w\" sizes=\"auto, (max-width: 800px) 100vw, 800px\" \/><\/a><\/p>\n<\/div>\n<div class=\"marginBottom30px link-Internas\">ASSECOM\/PMCR<\/div>\n","protected":false},"excerpt":{"rendered":"<p>O Governo de Costa Rica \u2013 MS por meio da Secretaria Municipal de Agricultura e Desenvolvimento em parceria com empreendedores da cidade realizaram na noite de quarta-feira, 02 de mar\u00e7o de 2016, a 4\u00b0 edi\u00e7\u00e3o da Feira Rica. O projeto que \u00e9 realizado mensalmente, sempre que poss\u00edvel na primeira quarta-feira do m\u00eas e oferece diversos [&hellip;]<\/p>\n","protected":false},"author":4,"featured_media":21945,"comment_status":"closed","ping_status":"closed","sticky":false,"template":"","format":"standard","meta":{"footnotes":""},"categories":[25],"tags":[],"class_list":["post-21942","post","type-post","status-publish","format-standard","has-post-thumbnail","hentry","category-costa-rica"],"_links":{"self":[{"href":"https:\/\/www.ocorreionews.com.br\/acervo-correio\/index.php?rest_route=\/wp\/v2\/posts\/21942","targetHints":{"allow":["GET"]}}],"collection":[{"href":"https:\/\/www.ocorreionews.com.br\/acervo-correio\/index.php?rest_route=\/wp\/v2\/posts"}],"about":[{"href":"https:\/\/www.ocorreionews.com.br\/acervo-correio\/index.php?rest_route=\/wp\/v2\/types\/post"}],"author":[{"embeddable":true,"href":"https:\/\/www.ocorreionews.com.br\/acervo-correio\/index.php?rest_route=\/wp\/v2\/users\/4"}],"replies":[{"embeddable":true,"href":"https:\/\/www.ocorreionews.com.br\/acervo-correio\/index.php?rest_route=%2Fwp%2Fv2%2Fcomments&post=21942"}],"version-history":[{"count":0,"href":"https:\/\/www.ocorreionews.com.br\/acervo-correio\/index.php?rest_route=\/wp\/v2\/posts\/21942\/revisions"}],"wp:featuredmedia":[{"embeddable":true,"href":"https:\/\/www.ocorreionews.com.br\/acervo-correio\/index.php?rest_route=\/wp\/v2\/media\/21945"}],"wp:attachment":[{"href":"https:\/\/www.ocorreionews.com.br\/acervo-correio\/index.php?rest_route=%2Fwp%2Fv2%2Fmedia&parent=21942"}],"wp:term":[{"taxonomy":"category","embeddable":true,"href":"https:\/\/www.ocorreionews.com.br\/acervo-correio\/index.php?rest_route=%2Fwp%2Fv2%2Fcategories&post=21942"},{"taxonomy":"post_tag","embeddable":true,"href":"https:\/\/www.ocorreionews.com.br\/acervo-correio\/index.php?rest_route=%2Fwp%2Fv2%2Ftags&post=21942"}],"curies":[{"name":"wp","href":"https:\/\/api.w.org\/{rel}","templated":true}]}}