{"id":21951,"date":"2016-03-04T09:10:08","date_gmt":"2016-03-04T13:10:08","guid":{"rendered":"https:\/\/ocorreionews.com.br\/?p=21951"},"modified":"2016-03-04T09:10:08","modified_gmt":"2016-03-04T13:10:08","slug":"jaguatirica-e-resgatada-depois-de-ser-atropelada-na-br-060","status":"publish","type":"post","link":"https:\/\/www.ocorreionews.com.br\/acervo-correio\/?p=21951","title":{"rendered":"Jaguatirica \u00e9 resgatada depois de ser atropelada na BR 060"},"content":{"rendered":"<p>Uma jaguatirica foi resgatada na BR-060, em Bela Vista, a 360 quil\u00f4metros de Campo Grande, com diversos ferimentos causados por atropelamento. O animal estava na \u00e1rea urbana do munic\u00edpio.<\/p>\n<p>Segundo informa\u00e7\u00f5es divulgadas pela Pol\u00edcia Militar Ambiental (PMA), uma pessoa que passava pela rodovia ligou para os policiais e avisou sobre o felino.<\/p>\n<p>Quando os militares chegaram, a on\u00e7a estava machucada e com dificuldade de locomo\u00e7\u00e3o. Ela foi encaminhada para uma cl\u00ednica veterin\u00e1ria em Bonito, para ser estabilizada, para posterior poss\u00edvel remo\u00e7\u00e3o ao Centro de Reabilita\u00e7\u00e3o de Animais Silvestres (CRAS), na capital sul-mato-grossense.<\/p>\n<p>&nbsp;<\/p>\n<p>&nbsp;<\/p>\n<p>G1 MS<\/p>\n","protected":false},"excerpt":{"rendered":"<p>Uma jaguatirica foi resgatada na BR-060, em Bela Vista, a 360 quil\u00f4metros de Campo Grande, com diversos ferimentos causados por atropelamento. O animal estava na \u00e1rea urbana do munic\u00edpio. Segundo informa\u00e7\u00f5es divulgadas pela Pol\u00edcia Militar Ambiental (PMA), uma pessoa que passava pela rodovia ligou para os policiais e avisou sobre o felino. Quando os militares [&hellip;]<\/p>\n","protected":false},"author":4,"featured_media":21952,"comment_status":"closed","ping_status":"closed","sticky":false,"template":"","format":"standard","meta":{"footnotes":""},"categories":[38],"tags":[],"class_list":["post-21951","post","type-post","status-publish","format-standard","has-post-thumbnail","hentry","category-policia"],"_links":{"self":[{"href":"https:\/\/www.ocorreionews.com.br\/acervo-correio\/index.php?rest_route=\/wp\/v2\/posts\/21951","targetHints":{"allow":["GET"]}}],"collection":[{"href":"https:\/\/www.ocorreionews.com.br\/acervo-correio\/index.php?rest_route=\/wp\/v2\/posts"}],"about":[{"href":"https:\/\/www.ocorreionews.com.br\/acervo-correio\/index.php?rest_route=\/wp\/v2\/types\/post"}],"author":[{"embeddable":true,"href":"https:\/\/www.ocorreionews.com.br\/acervo-correio\/index.php?rest_route=\/wp\/v2\/users\/4"}],"replies":[{"embeddable":true,"href":"https:\/\/www.ocorreionews.com.br\/acervo-correio\/index.php?rest_route=%2Fwp%2Fv2%2Fcomments&post=21951"}],"version-history":[{"count":0,"href":"https:\/\/www.ocorreionews.com.br\/acervo-correio\/index.php?rest_route=\/wp\/v2\/posts\/21951\/revisions"}],"wp:featuredmedia":[{"embeddable":true,"href":"https:\/\/www.ocorreionews.com.br\/acervo-correio\/index.php?rest_route=\/wp\/v2\/media\/21952"}],"wp:attachment":[{"href":"https:\/\/www.ocorreionews.com.br\/acervo-correio\/index.php?rest_route=%2Fwp%2Fv2%2Fmedia&parent=21951"}],"wp:term":[{"taxonomy":"category","embeddable":true,"href":"https:\/\/www.ocorreionews.com.br\/acervo-correio\/index.php?rest_route=%2Fwp%2Fv2%2Fcategories&post=21951"},{"taxonomy":"post_tag","embeddable":true,"href":"https:\/\/www.ocorreionews.com.br\/acervo-correio\/index.php?rest_route=%2Fwp%2Fv2%2Ftags&post=21951"}],"curies":[{"name":"wp","href":"https:\/\/api.w.org\/{rel}","templated":true}]}}