{"id":21956,"date":"2016-03-04T10:09:47","date_gmt":"2016-03-04T14:09:47","guid":{"rendered":"https:\/\/ocorreionews.com.br\/?p=21956"},"modified":"2016-03-04T10:09:47","modified_gmt":"2016-03-04T14:09:47","slug":"costa-rica-sediara-no-proximo-dia-09-de-marco-o-ii-seminario-de-sustentabilidade-local","status":"publish","type":"post","link":"https:\/\/www.ocorreionews.com.br\/acervo-correio\/?p=21956","title":{"rendered":"Costa Rica sediar\u00e1 no pr\u00f3ximo dia 09 de mar\u00e7o o II Semin\u00e1rio de Sustentabilidade Local"},"content":{"rendered":"<div class=\"marginBottom30px link-Internas\">\n<p>Evento ser\u00e1 realizado no Audit\u00f3rio Cultural Valdir Justino de Almeida, ap\u00f3s inaugura\u00e7\u00e3o do local<\/p>\n<p>A cidade de Costa Rica &#8211; MS vai sediar no pr\u00f3ximo dia 09 de mar\u00e7o (quarta-feira), a partir das 18 horas, o II Semin\u00e1rio de Sustentabilidade Local, ap\u00f3s a inaugura\u00e7\u00e3o do Audit\u00f3rio Cultural Ambiental Valdir Justino de Almeida.<\/p>\n<p>O evento \u00e9 uma realiza\u00e7\u00e3o da Odebrecht Agroindustrial por meio do Programa Energia Social para Sustentabilidade Local em parceria com Governo de Costa Rica \u2013 MS e o Munic\u00edpio de Alto Taquari \u2013 MT.<\/p>\n<p>Segundo a condutora Municipal do Programa Energia Social para a Sustentabilidade Local, subsecret\u00e1ria Liliane Campos, o evento visa compartilhar os resultados dos projetos desenvolvidos nos dois munic\u00edpios com a comunidade.<\/p>\n<p>\u201cEste semin\u00e1rio marcar\u00e1 a inaugura\u00e7\u00e3o do Audit\u00f3rio Ambiental, localizado dentro do Parque Natural Municipal Salto do Sucuri\u00fa. Durante o evento tamb\u00e9m haver\u00e1 uma palestra sobre Viol\u00eancia Dom\u00e9stica ministrada pelo delegado de Pol\u00edcia Civil de Costa Rica, Alexandro Mendes de Ara\u00fajo e o promotor de Justi\u00e7a, Bol\u00edvar Lu\u00eds da Costa Vieira \u201d, frisou a condutora Municipal.<\/p>\n<p><a href=\"https:\/\/ocorreionews.com.br\/wp-content\/uploads\/2016\/03\/sustentabilidade-local.jpg\" rel=\"attachment wp-att-21957\"><img loading=\"lazy\" decoding=\"async\" class=\"alignnone wp-image-21957 size-full\" src=\"https:\/\/ocorreionews.com.br\/wp-content\/uploads\/2016\/03\/sustentabilidade-local.jpg\" alt=\"sustentabilidade local\" width=\"800\" height=\"566\" srcset=\"https:\/\/www.ocorreionews.com.br\/acervo-correio\/wp-content\/uploads\/2016\/03\/sustentabilidade-local.jpg 800w, https:\/\/www.ocorreionews.com.br\/acervo-correio\/wp-content\/uploads\/2016\/03\/sustentabilidade-local-300x212.jpg 300w, https:\/\/www.ocorreionews.com.br\/acervo-correio\/wp-content\/uploads\/2016\/03\/sustentabilidade-local-768x543.jpg 768w\" sizes=\"auto, (max-width: 800px) 100vw, 800px\" \/><\/a><\/p>\n<\/div>\n<div class=\"marginBottom30px link-Internas\">ASSECOM\/PMCR<\/div>\n","protected":false},"excerpt":{"rendered":"<p>Evento ser\u00e1 realizado no Audit\u00f3rio Cultural Valdir Justino de Almeida, ap\u00f3s inaugura\u00e7\u00e3o do local A cidade de Costa Rica &#8211; MS vai sediar no pr\u00f3ximo dia 09 de mar\u00e7o (quarta-feira), a partir das 18 horas, o II Semin\u00e1rio de Sustentabilidade Local, ap\u00f3s a inaugura\u00e7\u00e3o do Audit\u00f3rio Cultural Ambiental Valdir Justino de Almeida. O evento \u00e9 [&hellip;]<\/p>\n","protected":false},"author":4,"featured_media":21958,"comment_status":"closed","ping_status":"closed","sticky":false,"template":"","format":"standard","meta":{"footnotes":""},"categories":[25],"tags":[],"class_list":["post-21956","post","type-post","status-publish","format-standard","has-post-thumbnail","hentry","category-costa-rica"],"_links":{"self":[{"href":"https:\/\/www.ocorreionews.com.br\/acervo-correio\/index.php?rest_route=\/wp\/v2\/posts\/21956","targetHints":{"allow":["GET"]}}],"collection":[{"href":"https:\/\/www.ocorreionews.com.br\/acervo-correio\/index.php?rest_route=\/wp\/v2\/posts"}],"about":[{"href":"https:\/\/www.ocorreionews.com.br\/acervo-correio\/index.php?rest_route=\/wp\/v2\/types\/post"}],"author":[{"embeddable":true,"href":"https:\/\/www.ocorreionews.com.br\/acervo-correio\/index.php?rest_route=\/wp\/v2\/users\/4"}],"replies":[{"embeddable":true,"href":"https:\/\/www.ocorreionews.com.br\/acervo-correio\/index.php?rest_route=%2Fwp%2Fv2%2Fcomments&post=21956"}],"version-history":[{"count":0,"href":"https:\/\/www.ocorreionews.com.br\/acervo-correio\/index.php?rest_route=\/wp\/v2\/posts\/21956\/revisions"}],"wp:featuredmedia":[{"embeddable":true,"href":"https:\/\/www.ocorreionews.com.br\/acervo-correio\/index.php?rest_route=\/wp\/v2\/media\/21958"}],"wp:attachment":[{"href":"https:\/\/www.ocorreionews.com.br\/acervo-correio\/index.php?rest_route=%2Fwp%2Fv2%2Fmedia&parent=21956"}],"wp:term":[{"taxonomy":"category","embeddable":true,"href":"https:\/\/www.ocorreionews.com.br\/acervo-correio\/index.php?rest_route=%2Fwp%2Fv2%2Fcategories&post=21956"},{"taxonomy":"post_tag","embeddable":true,"href":"https:\/\/www.ocorreionews.com.br\/acervo-correio\/index.php?rest_route=%2Fwp%2Fv2%2Ftags&post=21956"}],"curies":[{"name":"wp","href":"https:\/\/api.w.org\/{rel}","templated":true}]}}