{"id":21966,"date":"2016-03-04T13:54:07","date_gmt":"2016-03-04T17:54:07","guid":{"rendered":"https:\/\/ocorreionews.com.br\/?p=21966"},"modified":"2016-03-04T13:54:07","modified_gmt":"2016-03-04T17:54:07","slug":"depois-de-ter-carreta-roubada-e-sofrer-sequestro-caminhoneiro-e-deixado-em-costa-rica","status":"publish","type":"post","link":"https:\/\/www.ocorreionews.com.br\/acervo-correio\/?p=21966","title":{"rendered":"Depois de ter carreta roubada e sofrer sequestro, caminhoneiro \u00e9 deixado em Costa Rica"},"content":{"rendered":"<p style=\"text-align: justify;\">Na noite desta quinta-feira (3), por volta das 21h, um caminhoneiro de 42 anos teve suas carreta\u00a0roubada\u00a0na cidade de Inoc\u00eancia-MS e sequestrado at\u00e9 ser deixado na entrada de Costa Rica. Apavorado, o caminhoneiro conseguiu um celular emprestado e ligou para a Pol\u00edcia Militar, sendo conduzido para a delegacia registrar Boletim de Ocorr\u00eancia (BO).<\/p>\n<p style=\"text-align: justify;\">Conforme informa\u00e7\u00f5es do BO, a v\u00edtima se deslocava no caminh\u00e3o Iveco de placas 3722, cor branca do munic\u00edpio de Luc\u00e9lia, S\u00e3o Paulo, o qual tracionava as carretas de placas JZW-2716 e outra de placa JZW-2696, \u00a0de cor vermelha de S\u00e3o Paulo, Capital.<\/p>\n<p style=\"text-align: justify;\">No segundo trevo da sa\u00edda da cidade de Inoc\u00eancia para Parana\u00edba-MS na rodovia MS 240, foi quando avistou um ve\u00edculo do tipo Santana de cor escura atravessado na pista, fechando o tr\u00e2nsito. Foi neste momento que o caminhoneiro diminuiu a velocidade e parou.<\/p>\n<p style=\"text-align: justify;\">Foi ent\u00e3o que, \u201cveio dois elementos que sa\u00edram de tr\u00e1s do ve\u00edculo Santana que estava parado na pista e veio correndo e apontando uma arma de fogo, aparentado ser pistola\u201d, descreveu a v\u00edtima. Eles renderam o caminhoneiro, obrigando-o a ir para o banco cama do caminh\u00e3o e juntamente ao outro comparsa tamb\u00e9m armado.<\/p>\n<p style=\"text-align: justify;\">Um deles pegou o volante e outro ficou cuidando a v\u00edtima e seguiram destino ignorado. Ap\u00f3s alguns minutos pararam o caminh\u00e3o e colocaram um capuz no caminhoneiro, obrigando-o entrar em outro ve\u00edculo de pequeno porte.<\/p>\n<p style=\"text-align: justify;\">Em seguida, a v\u00edtima se lembra de apenas de ter parado no trevo de Costa Rica, onde os autores o obrigaram a descer e tirar o capuz e disseram para ir andando em dire\u00e7\u00e3o \u00e0 cidade e n\u00e3o olhar para tr\u00e1s.<\/p>\n<p style=\"text-align: justify;\">Depois de um tempo, o caminhoneiro conseguiu um telefone celular emprestado e ligou para a Pol\u00edcia Militar, a qual conduziu a v\u00edtima para Delegacia de Pol\u00edcia Civil De Costa Rica para serem tomadas as provid\u00eancias cab\u00edveis.<\/p>\n<p style=\"text-align: justify;\">A v\u00edtima disse ainda que o caminh\u00e3o e a\u00a0carreta\u00a0possuem seguros completos e que o comunicante n\u00e3o faz ideia de quem o roubou.<\/p>\n<p style=\"text-align: justify;\">O boletim foi registrado como roubo. Subscrevem o BO o investigador de Pol\u00edcia Paulo Humberto da Silva e o delegado Alexandro Mendes de Ara\u00fajo.<\/p>\n<p style=\"text-align: justify;\">\n<div class=\"clear\" style=\"text-align: justify;\"><\/div>\n<div class=\"fonte\" style=\"text-align: justify;\">Fonte: MS TODO DIA<\/div>\n","protected":false},"excerpt":{"rendered":"<p>Na noite desta quinta-feira (3), por volta das 21h, um caminhoneiro de 42 anos teve suas carreta\u00a0roubada\u00a0na cidade de Inoc\u00eancia-MS e sequestrado at\u00e9 ser deixado na entrada de Costa Rica. Apavorado, o caminhoneiro conseguiu um celular emprestado e ligou para a Pol\u00edcia Militar, sendo conduzido para a delegacia registrar Boletim de Ocorr\u00eancia (BO). Conforme informa\u00e7\u00f5es [&hellip;]<\/p>\n","protected":false},"author":4,"featured_media":2862,"comment_status":"closed","ping_status":"closed","sticky":false,"template":"","format":"standard","meta":{"footnotes":""},"categories":[38],"tags":[],"class_list":["post-21966","post","type-post","status-publish","format-standard","has-post-thumbnail","hentry","category-policia"],"_links":{"self":[{"href":"https:\/\/www.ocorreionews.com.br\/acervo-correio\/index.php?rest_route=\/wp\/v2\/posts\/21966","targetHints":{"allow":["GET"]}}],"collection":[{"href":"https:\/\/www.ocorreionews.com.br\/acervo-correio\/index.php?rest_route=\/wp\/v2\/posts"}],"about":[{"href":"https:\/\/www.ocorreionews.com.br\/acervo-correio\/index.php?rest_route=\/wp\/v2\/types\/post"}],"author":[{"embeddable":true,"href":"https:\/\/www.ocorreionews.com.br\/acervo-correio\/index.php?rest_route=\/wp\/v2\/users\/4"}],"replies":[{"embeddable":true,"href":"https:\/\/www.ocorreionews.com.br\/acervo-correio\/index.php?rest_route=%2Fwp%2Fv2%2Fcomments&post=21966"}],"version-history":[{"count":0,"href":"https:\/\/www.ocorreionews.com.br\/acervo-correio\/index.php?rest_route=\/wp\/v2\/posts\/21966\/revisions"}],"wp:featuredmedia":[{"embeddable":true,"href":"https:\/\/www.ocorreionews.com.br\/acervo-correio\/index.php?rest_route=\/wp\/v2\/media\/2862"}],"wp:attachment":[{"href":"https:\/\/www.ocorreionews.com.br\/acervo-correio\/index.php?rest_route=%2Fwp%2Fv2%2Fmedia&parent=21966"}],"wp:term":[{"taxonomy":"category","embeddable":true,"href":"https:\/\/www.ocorreionews.com.br\/acervo-correio\/index.php?rest_route=%2Fwp%2Fv2%2Fcategories&post=21966"},{"taxonomy":"post_tag","embeddable":true,"href":"https:\/\/www.ocorreionews.com.br\/acervo-correio\/index.php?rest_route=%2Fwp%2Fv2%2Ftags&post=21966"}],"curies":[{"name":"wp","href":"https:\/\/api.w.org\/{rel}","templated":true}]}}