{"id":21968,"date":"2016-03-04T14:00:20","date_gmt":"2016-03-04T18:00:20","guid":{"rendered":"https:\/\/ocorreionews.com.br\/?p=21968"},"modified":"2016-03-04T14:00:20","modified_gmt":"2016-03-04T18:00:20","slug":"matopi-deputados-solicitam-que-seja-decretado-estado-de-calamidade-publica-devido-aos-prejuizos-causados-pela-seca","status":"publish","type":"post","link":"https:\/\/www.ocorreionews.com.br\/acervo-correio\/?p=21968","title":{"rendered":"MATOPI- Deputados solicitam que seja decretado estado de calamidade p\u00fablica, devido aos preju\u00edzos causados pela seca"},"content":{"rendered":"<p>Diante da longa e at\u00edpica estiagem que j\u00e1 causa preju\u00edzo aos produtores rurais do estado do Tocantins, os deputados Olyntho Neto (PSDB), J\u00fanior Evangelista (PRTB) e Cleiton Cardoso (PSL) apresentaram, em regime de urg\u00eancia, requerimentos solicitando, ao Governo do Estado e ao Minist\u00e9rio da Agricultura, Pecu\u00e1ria e Abastecimento (MAPA), que seja decretado estado de calamidade p\u00fablica no Tocantins. Os dois requerimentos foram aprovados por unanimidade na sess\u00e3o desta ter\u00e7a-feira, 1\u00ba de mar\u00e7o.<\/p>\n<p>\u201cPercebemos o desespero de alguns produtores que trabalham com suas fam\u00edlias, que vivem do trabalho da terra, e est\u00e3o se esfor\u00e7ando para tirar pelo menos o m\u00ednimo do que plantaram. Esse \u00e9 um per\u00edodo de chuvas, o mais importante para a produ\u00e7\u00e3o rural no nosso Estado. Tem lavoura que chegou a perder 100% da sua produ\u00e7\u00e3o, mas a m\u00e9dia verificada nas visitas que fizemos \u00e9 de 40% de preju\u00edzo at\u00e9 agora\u201d, informou Olyntho.<\/p>\n<p>Olyntho, J\u00fanior Evangelista e Cleiton Cardoso percorreram cerca de seis propriedades rurais nos \u00faltimos dois dias, conversando com produtores e verificando a situa\u00e7\u00e3o de perto. \u201cA base da economia do nosso Estado \u00e9 a agropecu\u00e1ria e todos os produtores rurais, os que cultivam e os criadores de gado, est\u00e3o sem saber como ser\u00e1 a produ\u00e7\u00e3o este ano, devido \u00e0 falta de chuvas. O que vimos foram grandes \u00e1reas secas onde deveriam estar verdes pela soja, pelo plantio de culturas e pelo capim\u201d alertou o deputado Olyntho.<\/p>\n<p>J\u00fanior Evangelista observou que os efeitos da seca j\u00e1 s\u00e3o n\u00edtidos e demonstrou sua preocupa\u00e7\u00e3o com a seguran\u00e7a dos produtores rurais. \u201cVimos praticamente toda a produ\u00e7\u00e3o condenada e, o mais preocupante, foi constatar que nem todos os produtores s\u00e3o segurados&#8221;, disse.<\/p>\n<p>O deputado Cleiton Cardoso refor\u00e7ou a necessidade de garantir seguran\u00e7a aos produtores tocantinenses. \u201cMuitos agricultores n\u00e3o fizeram seguro das suas lavouras e precisam ser respaldados no preju\u00edzo que estamos prevendo\u201d, apontou o parlamentar.<\/p>\n<p>Logo ap\u00f3s as visitas, os deputados que comp\u00f5em a Frente Parlamentar da Agricultura, assimilaram que a estiagem se estendeu pelo Tocantins inteiro, o que colocou sob risco o plantio de gr\u00e3os, a produ\u00e7\u00e3o de fruticultura e a pecu\u00e1ria, num iminente preju\u00edzo irrepar\u00e1vel.<\/p>\n<p>O Decreto de Calamidade no Estado ir\u00e1 propiciar a tomada de a\u00e7\u00f5es no sentido de amenizar esta situa\u00e7\u00e3o. Mais propriedades rurais dever\u00e3o ser visitadas pelos parlamentares nos pr\u00f3ximos dias. (Da Assessoria).<\/p>\n","protected":false},"excerpt":{"rendered":"<p>Diante da longa e at\u00edpica estiagem que j\u00e1 causa preju\u00edzo aos produtores rurais do estado do Tocantins, os deputados Olyntho Neto (PSDB), J\u00fanior Evangelista (PRTB) e Cleiton Cardoso (PSL) apresentaram, em regime de urg\u00eancia, requerimentos solicitando, ao Governo do Estado e ao Minist\u00e9rio da Agricultura, Pecu\u00e1ria e Abastecimento (MAPA), que seja decretado estado de calamidade [&hellip;]<\/p>\n","protected":false},"author":4,"featured_media":21767,"comment_status":"closed","ping_status":"closed","sticky":false,"template":"","format":"standard","meta":{"footnotes":""},"categories":[17],"tags":[],"class_list":["post-21968","post","type-post","status-publish","format-standard","has-post-thumbnail","hentry","category-agropecuaria"],"_links":{"self":[{"href":"https:\/\/www.ocorreionews.com.br\/acervo-correio\/index.php?rest_route=\/wp\/v2\/posts\/21968","targetHints":{"allow":["GET"]}}],"collection":[{"href":"https:\/\/www.ocorreionews.com.br\/acervo-correio\/index.php?rest_route=\/wp\/v2\/posts"}],"about":[{"href":"https:\/\/www.ocorreionews.com.br\/acervo-correio\/index.php?rest_route=\/wp\/v2\/types\/post"}],"author":[{"embeddable":true,"href":"https:\/\/www.ocorreionews.com.br\/acervo-correio\/index.php?rest_route=\/wp\/v2\/users\/4"}],"replies":[{"embeddable":true,"href":"https:\/\/www.ocorreionews.com.br\/acervo-correio\/index.php?rest_route=%2Fwp%2Fv2%2Fcomments&post=21968"}],"version-history":[{"count":0,"href":"https:\/\/www.ocorreionews.com.br\/acervo-correio\/index.php?rest_route=\/wp\/v2\/posts\/21968\/revisions"}],"wp:featuredmedia":[{"embeddable":true,"href":"https:\/\/www.ocorreionews.com.br\/acervo-correio\/index.php?rest_route=\/wp\/v2\/media\/21767"}],"wp:attachment":[{"href":"https:\/\/www.ocorreionews.com.br\/acervo-correio\/index.php?rest_route=%2Fwp%2Fv2%2Fmedia&parent=21968"}],"wp:term":[{"taxonomy":"category","embeddable":true,"href":"https:\/\/www.ocorreionews.com.br\/acervo-correio\/index.php?rest_route=%2Fwp%2Fv2%2Fcategories&post=21968"},{"taxonomy":"post_tag","embeddable":true,"href":"https:\/\/www.ocorreionews.com.br\/acervo-correio\/index.php?rest_route=%2Fwp%2Fv2%2Ftags&post=21968"}],"curies":[{"name":"wp","href":"https:\/\/api.w.org\/{rel}","templated":true}]}}