{"id":21973,"date":"2016-03-04T14:10:42","date_gmt":"2016-03-04T18:10:42","guid":{"rendered":"https:\/\/ocorreionews.com.br\/?p=21973"},"modified":"2016-03-04T14:10:42","modified_gmt":"2016-03-04T18:10:42","slug":"caminhoneiros-fazem-nova-paralisacao-dia-11-de-marco","status":"publish","type":"post","link":"https:\/\/www.ocorreionews.com.br\/acervo-correio\/?p=21973","title":{"rendered":"Caminhoneiros fazem nova paralisa\u00e7\u00e3o dia 11 de Mar\u00e7o"},"content":{"rendered":"<div id=\"ctl00_cphConteudo_UcNoticiasDetalhe1_ucNoticia1_corpoNoticia\" class=\"corpo\">\n<p>O Comando Nacional do Transporte (CNT) convocou para o pr\u00f3ximo dia 11 de mar\u00e7o uma nova paralisa\u00e7\u00e3o dos caminhoneiros. A categoria reivindica melhores condi\u00e7\u00f5es de trabalho, maior seguran\u00e7a, redu\u00e7\u00e3o de 40% do valor do \u00f3leo diesel, aposentadoria para motoristas aos 25 anos de trabalho e piso salarial nacional para empregados, dentre outras reivindica\u00e7\u00f5es.<\/p>\n<p>O protesto est\u00e1 marcado para um ano ap\u00f3s as fortes manifesta\u00e7\u00f5es que literalmente pararam o Pa\u00eds. Dessa vez, por\u00e9m, a CNT afirma que a inten\u00e7\u00e3o do movimento \u00e9 apenas paralisar as atividades, sem efetuar o bloqueio de rodovias.<\/p>\n<p>Mesmo assim, \u201co movimento poder\u00e1 novamente comprometer a log\u00edstica das empresas e ind\u00fastrias brasileiras neste cen\u00e1rio deliciado da economia do pa\u00eds\u201d, avalia Luiz Fernando Concei\u00e7\u00e3o. O administrador de empresas \u00e9 componente do Task Force de Log\u00edstica do escrit\u00f3rio A. Augusto Grellert Advogados Associados.<\/p>\n<p>\u201cUma pesquisa da Confedera\u00e7\u00e3o Nacional do Transporte indica que 44,8% dos caminhoneiros est\u00e3o endividados, em raz\u00e3o do pre\u00e7o do combust\u00edvel, sendo que para 46,4% dos entrevistados, o custo do combust\u00edvel \u00e9 o maior entrave para a profiss\u00e3o e para 40,1%, o valor do frete n\u00e3o cobre as despesas\u201d, lembra ele.<\/p>\n<p>Na avalia\u00e7\u00e3o do especialista, a paralisa\u00e7\u00e3o \u201cafetar\u00e1, sobretudo, o setor log\u00edstico, vez que transportadoras e centros de distribui\u00e7\u00e3o podem ter suas atividades inviabilizadas. Al\u00e9m disso, seus reflexos podem atingir, inclusive, outros setores vitais \u00e0 economia brasileira, tal como a ind\u00fastria e o varejo, os quais j\u00e1 atravessam um delicado momento econ\u00f4mico\u201d.<\/p>\n<\/div>\n<p>&nbsp;<\/p>\n<div class=\"data cor\"><strong>Agrolink<\/strong><\/div>\n<div class=\"data cor\"><strong>Autor: Leonardo Gottems<\/strong><\/div>\n","protected":false},"excerpt":{"rendered":"<p>O Comando Nacional do Transporte (CNT) convocou para o pr\u00f3ximo dia 11 de mar\u00e7o uma nova paralisa\u00e7\u00e3o dos caminhoneiros. A categoria reivindica melhores condi\u00e7\u00f5es de trabalho, maior seguran\u00e7a, redu\u00e7\u00e3o de 40% do valor do \u00f3leo diesel, aposentadoria para motoristas aos 25 anos de trabalho e piso salarial nacional para empregados, dentre outras reivindica\u00e7\u00f5es. O protesto [&hellip;]<\/p>\n","protected":false},"author":4,"featured_media":21974,"comment_status":"closed","ping_status":"closed","sticky":false,"template":"","format":"standard","meta":{"footnotes":""},"categories":[26],"tags":[],"class_list":["post-21973","post","type-post","status-publish","format-standard","has-post-thumbnail","hentry","category-economia"],"_links":{"self":[{"href":"https:\/\/www.ocorreionews.com.br\/acervo-correio\/index.php?rest_route=\/wp\/v2\/posts\/21973","targetHints":{"allow":["GET"]}}],"collection":[{"href":"https:\/\/www.ocorreionews.com.br\/acervo-correio\/index.php?rest_route=\/wp\/v2\/posts"}],"about":[{"href":"https:\/\/www.ocorreionews.com.br\/acervo-correio\/index.php?rest_route=\/wp\/v2\/types\/post"}],"author":[{"embeddable":true,"href":"https:\/\/www.ocorreionews.com.br\/acervo-correio\/index.php?rest_route=\/wp\/v2\/users\/4"}],"replies":[{"embeddable":true,"href":"https:\/\/www.ocorreionews.com.br\/acervo-correio\/index.php?rest_route=%2Fwp%2Fv2%2Fcomments&post=21973"}],"version-history":[{"count":0,"href":"https:\/\/www.ocorreionews.com.br\/acervo-correio\/index.php?rest_route=\/wp\/v2\/posts\/21973\/revisions"}],"wp:featuredmedia":[{"embeddable":true,"href":"https:\/\/www.ocorreionews.com.br\/acervo-correio\/index.php?rest_route=\/wp\/v2\/media\/21974"}],"wp:attachment":[{"href":"https:\/\/www.ocorreionews.com.br\/acervo-correio\/index.php?rest_route=%2Fwp%2Fv2%2Fmedia&parent=21973"}],"wp:term":[{"taxonomy":"category","embeddable":true,"href":"https:\/\/www.ocorreionews.com.br\/acervo-correio\/index.php?rest_route=%2Fwp%2Fv2%2Fcategories&post=21973"},{"taxonomy":"post_tag","embeddable":true,"href":"https:\/\/www.ocorreionews.com.br\/acervo-correio\/index.php?rest_route=%2Fwp%2Fv2%2Ftags&post=21973"}],"curies":[{"name":"wp","href":"https:\/\/api.w.org\/{rel}","templated":true}]}}