{"id":21976,"date":"2016-03-04T14:24:32","date_gmt":"2016-03-04T18:24:32","guid":{"rendered":"https:\/\/ocorreionews.com.br\/?p=21976"},"modified":"2016-03-04T14:25:46","modified_gmt":"2016-03-04T18:25:46","slug":"costa-rica-inaugura-no-proximo-dia-09-de-marco-auditorio-cultural-ambiental","status":"publish","type":"post","link":"https:\/\/www.ocorreionews.com.br\/acervo-correio\/?p=21976","title":{"rendered":"Costa Rica inaugura no pr\u00f3ximo dia 09 de mar\u00e7o, Audit\u00f3rio Cultural Ambiental"},"content":{"rendered":"<div class=\"marginBottom30px link-Internas\">\n<p style=\"text-align: justify;\">O Munic\u00edpio de Costa Rica &#8211; MS ganhar\u00e1 em breve um espa\u00e7o destinado aos eventos das mais diversas \u00e1reas, trata-se do Audit\u00f3rio Cultural Ambiental Valdir Justino de Almeida, espa\u00e7o localizado dentro do PNMSS &#8211; Parque Natural Municipal Salto do Sucuri\u00fa. Com equipamentos de \u00faltima gera\u00e7\u00e3o, o local ser\u00e1 inaugurado no pr\u00f3ximo dia 09 de mar\u00e7o de 2016 (quarta-feira).<\/p>\n<p style=\"text-align: justify;\">O novo audit\u00f3rio com 360,78m\u00b2 tem capacidade para receber 220 pessoas sentadas e est\u00e1 pronto para receber palestras, semin\u00e1rios e apresenta\u00e7\u00f5es culturais diversas. O local come\u00e7ou a ser constru\u00eddo em 09 de mar\u00e7o de 2015 e a obra foi conclu\u00edda em 07 de dezembro do mesmo ano.<\/p>\n<p style=\"text-align: justify;\">Para a constru\u00e7\u00e3o do Audit\u00f3rio Cultural Ambiental Valdir Justino de Almeida, foi investido R$ 760.239,74, sendo R$ 460.239,74 de Recursos Municipais e R$ 300.000,00 da iniciativa privada com investimentos da empresa Odebrecht Agroindustrial por meio do Programa Energia Social para a Sustentabilidade Local.<\/p>\n<p style=\"text-align: justify;\">\u201cEsse \u00e9 mais um espa\u00e7o que a nossa cidade ganha e \u00e9 muito importante para a popula\u00e7\u00e3o. Acredito que aqui vamos presenciar o crescimento de Costa Rica\u201d, enfatiza o prefeito de Costa Rica Waldeli dos Santos Rosa ao destacar a parceria entre a iniciativa privada e a p\u00fablica.<\/p>\n<p style=\"text-align: justify;\"><strong>Confira abaixo a programa\u00e7\u00e3o do evento:<\/strong><\/p>\n<p style=\"text-align: justify;\">17h00: Inaugura\u00e7\u00e3o do Audit\u00f3rio;<\/p>\n<p style=\"text-align: justify;\">18h30: Abertura do II Semin\u00e1rio de Sustentabilidade;<\/p>\n<p style=\"text-align: justify;\">19h00: Apresenta\u00e7\u00e3o Odebrecht Agroindustrial;<\/p>\n<p style=\"text-align: justify;\">19h30: Apresenta\u00e7\u00e3o dos projetos Energia Social na regi\u00e3o com os representantes das Comiss\u00f5es Tem\u00e1ticas;<\/p>\n<p style=\"text-align: justify;\">20h30: Palestra \u2018Combate \u00e0 Viol\u00eancia Dom\u00e9stica\u2019 ministrada pelo delegado de Pol\u00edcia Civil, Alexandro Mendes de Ara\u00fajo;<\/p>\n<p style=\"text-align: justify;\">21h00: Palestra \u2018Panorama da viol\u00eancia dom\u00e9stica na regi\u00e3o\u2019 ministrada pelo promotor de Justi\u00e7a, Bol\u00edvar Lu\u00eds da Costa Vieira;<\/p>\n<p style=\"text-align: justify;\">21h30: Coquetel de encerramento<\/p>\n<\/div>\n","protected":false},"excerpt":{"rendered":"<p>O Munic\u00edpio de Costa Rica &#8211; MS ganhar\u00e1 em breve um espa\u00e7o destinado aos eventos das mais diversas \u00e1reas, trata-se do Audit\u00f3rio Cultural Ambiental Valdir Justino de Almeida, espa\u00e7o localizado dentro do PNMSS &#8211; Parque Natural Municipal Salto do Sucuri\u00fa. Com equipamentos de \u00faltima gera\u00e7\u00e3o, o local ser\u00e1 inaugurado no pr\u00f3ximo dia 09 de mar\u00e7o [&hellip;]<\/p>\n","protected":false},"author":4,"featured_media":21977,"comment_status":"closed","ping_status":"closed","sticky":false,"template":"","format":"standard","meta":{"footnotes":""},"categories":[25],"tags":[],"class_list":["post-21976","post","type-post","status-publish","format-standard","has-post-thumbnail","hentry","category-costa-rica"],"_links":{"self":[{"href":"https:\/\/www.ocorreionews.com.br\/acervo-correio\/index.php?rest_route=\/wp\/v2\/posts\/21976","targetHints":{"allow":["GET"]}}],"collection":[{"href":"https:\/\/www.ocorreionews.com.br\/acervo-correio\/index.php?rest_route=\/wp\/v2\/posts"}],"about":[{"href":"https:\/\/www.ocorreionews.com.br\/acervo-correio\/index.php?rest_route=\/wp\/v2\/types\/post"}],"author":[{"embeddable":true,"href":"https:\/\/www.ocorreionews.com.br\/acervo-correio\/index.php?rest_route=\/wp\/v2\/users\/4"}],"replies":[{"embeddable":true,"href":"https:\/\/www.ocorreionews.com.br\/acervo-correio\/index.php?rest_route=%2Fwp%2Fv2%2Fcomments&post=21976"}],"version-history":[{"count":0,"href":"https:\/\/www.ocorreionews.com.br\/acervo-correio\/index.php?rest_route=\/wp\/v2\/posts\/21976\/revisions"}],"wp:featuredmedia":[{"embeddable":true,"href":"https:\/\/www.ocorreionews.com.br\/acervo-correio\/index.php?rest_route=\/wp\/v2\/media\/21977"}],"wp:attachment":[{"href":"https:\/\/www.ocorreionews.com.br\/acervo-correio\/index.php?rest_route=%2Fwp%2Fv2%2Fmedia&parent=21976"}],"wp:term":[{"taxonomy":"category","embeddable":true,"href":"https:\/\/www.ocorreionews.com.br\/acervo-correio\/index.php?rest_route=%2Fwp%2Fv2%2Fcategories&post=21976"},{"taxonomy":"post_tag","embeddable":true,"href":"https:\/\/www.ocorreionews.com.br\/acervo-correio\/index.php?rest_route=%2Fwp%2Fv2%2Ftags&post=21976"}],"curies":[{"name":"wp","href":"https:\/\/api.w.org\/{rel}","templated":true}]}}