{"id":21980,"date":"2016-03-04T14:33:02","date_gmt":"2016-03-04T18:33:02","guid":{"rendered":"https:\/\/ocorreionews.com.br\/?p=21980"},"modified":"2016-03-04T14:33:02","modified_gmt":"2016-03-04T18:33:02","slug":"crianca-de-1-ano-e-9-meses-morre-afogada-em-vala-ao-tentar-salvar-ave","status":"publish","type":"post","link":"https:\/\/www.ocorreionews.com.br\/acervo-correio\/?p=21980","title":{"rendered":"Crian\u00e7a de 1 ano e 9 meses morre  afogada em vala ao tentar salvar ave"},"content":{"rendered":"<p><a href=\"https:\/\/ocorreionews.com.br\/wp-content\/uploads\/2016\/03\/crian\u00e7a-afogoda.jpg\" rel=\"attachment wp-att-21981\"><img loading=\"lazy\" decoding=\"async\" class=\"size-full wp-image-21981 alignleft\" src=\"https:\/\/ocorreionews.com.br\/wp-content\/uploads\/2016\/03\/crian\u00e7a-afogoda.jpg\" alt=\"crian\u00e7a afogoda\" width=\"160\" height=\"200\" \/><\/a>Evely Daniele Machado Grola, de apenas um ano e nove meses, morreu afogada ao tentar salvar uma ave que estava em uma vala de conten\u00e7\u00e3o de \u00e1gua de chuva. O fato aconteceu na Aldeia Jaguapiru, na Reserva Ind\u00edgena de Dourados.<\/p>\n<p>De acordo com o Dourados News, a crian\u00e7a estava desaparecida desde a manh\u00e3 desta quinta-feira (3) e foi encontrada morta cedo, em uma vala alagada, pr\u00f3ximo a uma escola municipal.<\/p>\n<p>Conforme per\u00edcia, Evely morreu afogada. Ao lado da crian\u00e7a foi encontrada uma ave morta e a suspeita da pol\u00edcia \u00e9 de que a menina tentou salvar a ave, ocasi\u00e3o em que caiu na vala e se afogou.<\/p>\n<p>&nbsp;<\/p>\n<p>&nbsp;<\/p>\n<p>Correio do Estado<\/p>\n","protected":false},"excerpt":{"rendered":"<p>Evely Daniele Machado Grola, de apenas um ano e nove meses, morreu afogada ao tentar salvar uma ave que estava em uma vala de conten\u00e7\u00e3o de \u00e1gua de chuva. O fato aconteceu na Aldeia Jaguapiru, na Reserva Ind\u00edgena de Dourados. De acordo com o Dourados News, a crian\u00e7a estava desaparecida desde a manh\u00e3 desta quinta-feira [&hellip;]<\/p>\n","protected":false},"author":4,"featured_media":21982,"comment_status":"closed","ping_status":"closed","sticky":false,"template":"","format":"standard","meta":{"footnotes":""},"categories":[38],"tags":[],"class_list":["post-21980","post","type-post","status-publish","format-standard","has-post-thumbnail","hentry","category-policia"],"_links":{"self":[{"href":"https:\/\/www.ocorreionews.com.br\/acervo-correio\/index.php?rest_route=\/wp\/v2\/posts\/21980","targetHints":{"allow":["GET"]}}],"collection":[{"href":"https:\/\/www.ocorreionews.com.br\/acervo-correio\/index.php?rest_route=\/wp\/v2\/posts"}],"about":[{"href":"https:\/\/www.ocorreionews.com.br\/acervo-correio\/index.php?rest_route=\/wp\/v2\/types\/post"}],"author":[{"embeddable":true,"href":"https:\/\/www.ocorreionews.com.br\/acervo-correio\/index.php?rest_route=\/wp\/v2\/users\/4"}],"replies":[{"embeddable":true,"href":"https:\/\/www.ocorreionews.com.br\/acervo-correio\/index.php?rest_route=%2Fwp%2Fv2%2Fcomments&post=21980"}],"version-history":[{"count":0,"href":"https:\/\/www.ocorreionews.com.br\/acervo-correio\/index.php?rest_route=\/wp\/v2\/posts\/21980\/revisions"}],"wp:featuredmedia":[{"embeddable":true,"href":"https:\/\/www.ocorreionews.com.br\/acervo-correio\/index.php?rest_route=\/wp\/v2\/media\/21982"}],"wp:attachment":[{"href":"https:\/\/www.ocorreionews.com.br\/acervo-correio\/index.php?rest_route=%2Fwp%2Fv2%2Fmedia&parent=21980"}],"wp:term":[{"taxonomy":"category","embeddable":true,"href":"https:\/\/www.ocorreionews.com.br\/acervo-correio\/index.php?rest_route=%2Fwp%2Fv2%2Fcategories&post=21980"},{"taxonomy":"post_tag","embeddable":true,"href":"https:\/\/www.ocorreionews.com.br\/acervo-correio\/index.php?rest_route=%2Fwp%2Fv2%2Ftags&post=21980"}],"curies":[{"name":"wp","href":"https:\/\/api.w.org\/{rel}","templated":true}]}}