{"id":21984,"date":"2016-03-04T14:20:49","date_gmt":"2016-03-04T18:20:49","guid":{"rendered":"https:\/\/ocorreionews.com.br\/?p=21984"},"modified":"2016-03-04T14:43:32","modified_gmt":"2016-03-04T18:43:32","slug":"me-senti-um-prisioneiro-diz-lula-sobre-conducao-coercitiva-em-sp","status":"publish","type":"post","link":"https:\/\/www.ocorreionews.com.br\/acervo-correio\/?p=21984","title":{"rendered":"&#8216;Me senti um prisioneiro&#8217;, diz Lula sobre condu\u00e7\u00e3o coercitiva em SP"},"content":{"rendered":"<p>O ex-presidente Luiz In\u00e1cio Lula da Silva disse na tarde desta sexta-feira (4) que se sentiu preso ao ter sido levado coercitivamente para prestar depoimento \u00e0 Pol\u00edcia Federal. Ele dep\u00f4s no Aeroporto de Congonhas, na Zona Sul de S\u00e3o Paulo e, em seguida, foi \u00e0 sede nacional do PT, no Centro da capital paulista, fazer pronunciamento. Lula disse que &#8216;n\u00e3o est\u00e3o permitindo&#8217; a presidente Dilma Rousseff governe esse pa\u00eds. E concluiu o discurso que &#8220;quiseram matar a jararaca, n\u00e3o bateram na cabe\u00e7a, bateram no rabo. Quero dizer que a jararaca est\u00e1 viva&#8221;.<\/p>\n<p>&#8220;Me senti prisioneiro hoje de manh\u00e3&#8221;, afirmou durante pronunciamento na sede do Partido dos Trabalhadores (PT), no Centro da capital paulista. &#8220;J\u00e1 passei por muita coisa na minha vida. N\u00e3o sou homem de guardar m\u00e1goa, mas nosso pa\u00eds n\u00e3o pode continuar assim.&#8221;<\/p>\n<p>Ele acrescentou que &#8220;jamais se recusaria a prestar depoimento. N\u00e3o precisaria ter mandado uma coer\u00e7\u00e3o&#8221;. \u201cEra s\u00f3 ter convidado. Antes deles n\u00f3s j\u00e1 \u00e9ramos democratas.\u201d &#8220;Se o juiz [S\u00e9rgio] Moro e o Minist\u00e9rio P\u00fablico quisessem me ouvir, era s\u00f3 ter me mandado um of\u00edcio e eu ia como sempre fui porque n\u00e3o devo e n\u00e3o temo&#8221;, declarou<\/p>\n<p>Lula criticou parte da Justi\u00e7a. \u201cEnquanto os advogados n\u00e3o sabiam nada, alguns meios de comunica\u00e7\u00e3o j\u00e1 sabiam. \u00c9 lament\u00e1vel que uma parcela do poder Judici\u00e1rio brasileiro esteja trabalhando em associa\u00e7\u00e3o com a imprensa.\u201d Ele acrescentou: \u201cAntigamente voc\u00ea tinha a den\u00fancia de um crime, ia investigar se existia e prender o criminoso. Hoje a primeira coisa que se faz \u00e9 determinar quem \u00e9 o criminoso\u201d.<\/p>\n<p>Ele acrescentou para pedir perd\u00e3o aos parentes. \u201cQueria pedir desculpas a Marisa e meus filhos pelos transtornos que eles passaram\u201c, disse. \u201cN\u00e3o h\u00e1 nenhuma explica\u00e7\u00e3o de irem atr\u00e1s dos meus filhos a n\u00e3o ser deles serem meus filhos.\u201d<\/p>\n<p>Lula comentou a crise pol\u00edtica. \u201cEu deixei a Presid\u00eancia e achei que tinha cumprido com a minha tarefa. Ao eleger a Dilma achei que tinha consagrado minha tarefa. Me considera \u2018bibom\u2019, e depois \u2018tribom\u2019 quando reelegi a Dilma. Desde 23 de outubro de 2014 n\u00e3o permitem que a Dilma governe esse pa\u00eds.\u201d<\/p>\n<p>&nbsp;<\/p>\n<p>&nbsp;<\/p>\n<p>G1<\/p>\n","protected":false},"excerpt":{"rendered":"<p>O ex-presidente Luiz In\u00e1cio Lula da Silva disse na tarde desta sexta-feira (4) que se sentiu preso ao ter sido levado coercitivamente para prestar depoimento \u00e0 Pol\u00edcia Federal. Ele dep\u00f4s no Aeroporto de Congonhas, na Zona Sul de S\u00e3o Paulo e, em seguida, foi \u00e0 sede nacional do PT, no Centro da capital paulista, fazer [&hellip;]<\/p>\n","protected":false},"author":4,"featured_media":21985,"comment_status":"closed","ping_status":"closed","sticky":false,"template":"","format":"standard","meta":{"footnotes":""},"categories":[38,37],"tags":[],"class_list":["post-21984","post","type-post","status-publish","format-standard","has-post-thumbnail","hentry","category-policia","category-politica"],"_links":{"self":[{"href":"https:\/\/www.ocorreionews.com.br\/acervo-correio\/index.php?rest_route=\/wp\/v2\/posts\/21984","targetHints":{"allow":["GET"]}}],"collection":[{"href":"https:\/\/www.ocorreionews.com.br\/acervo-correio\/index.php?rest_route=\/wp\/v2\/posts"}],"about":[{"href":"https:\/\/www.ocorreionews.com.br\/acervo-correio\/index.php?rest_route=\/wp\/v2\/types\/post"}],"author":[{"embeddable":true,"href":"https:\/\/www.ocorreionews.com.br\/acervo-correio\/index.php?rest_route=\/wp\/v2\/users\/4"}],"replies":[{"embeddable":true,"href":"https:\/\/www.ocorreionews.com.br\/acervo-correio\/index.php?rest_route=%2Fwp%2Fv2%2Fcomments&post=21984"}],"version-history":[{"count":0,"href":"https:\/\/www.ocorreionews.com.br\/acervo-correio\/index.php?rest_route=\/wp\/v2\/posts\/21984\/revisions"}],"wp:featuredmedia":[{"embeddable":true,"href":"https:\/\/www.ocorreionews.com.br\/acervo-correio\/index.php?rest_route=\/wp\/v2\/media\/21985"}],"wp:attachment":[{"href":"https:\/\/www.ocorreionews.com.br\/acervo-correio\/index.php?rest_route=%2Fwp%2Fv2%2Fmedia&parent=21984"}],"wp:term":[{"taxonomy":"category","embeddable":true,"href":"https:\/\/www.ocorreionews.com.br\/acervo-correio\/index.php?rest_route=%2Fwp%2Fv2%2Fcategories&post=21984"},{"taxonomy":"post_tag","embeddable":true,"href":"https:\/\/www.ocorreionews.com.br\/acervo-correio\/index.php?rest_route=%2Fwp%2Fv2%2Ftags&post=21984"}],"curies":[{"name":"wp","href":"https:\/\/api.w.org\/{rel}","templated":true}]}}