{"id":21989,"date":"2016-03-04T16:19:12","date_gmt":"2016-03-04T20:19:12","guid":{"rendered":"https:\/\/ocorreionews.com.br\/?p=21989"},"modified":"2016-03-04T16:19:12","modified_gmt":"2016-03-04T20:19:12","slug":"veiculo-em-baixa-velocidade-prova-acidente-na-br-060","status":"publish","type":"post","link":"https:\/\/www.ocorreionews.com.br\/acervo-correio\/?p=21989","title":{"rendered":"Ve\u00edculo em baixa velocidade prova acidente na BR 060"},"content":{"rendered":"<p>A baixa velocidade de um ve\u00edculo, acabou provocando um acidente no km 56 da BR 060, no munic\u00edpio de Para\u00edso das \u00c1guas, pr\u00f3xima a entrada da f\u00e1brica de queijo Brum,.<\/p>\n<p>Segundo consta no Boletim de Ocorr\u00eancias, Jos\u00e9 Duarte Francisco, 30 anos, trafegava pela a rodovia, quando deparou com outro ve\u00edculo (n\u00e3o identificado) em baixa velocidade, quase parando. Para n\u00e3o colidir no ve\u00edculo, diminuiu a velocidade e acabou sendo atingido na traseira de seu carro, por uma Land Rover, verde, conduzida por Adauto Vieira de Andrade, que n\u00e3o conseguiu reduzir a velocidade em tempo.<\/p>\n<p>Com a colis\u00e3o, ambos os carros sa\u00edram da pista. O UNO foi parar pr\u00f3ximo a uma planta\u00e7\u00e3o de Eucalipto. J\u00e1 a Land Rover, saiu da pista e parou cerca de 15 metros em uma lavoura de soja.<\/p>\n<p>Populares acionaram a pol\u00edcia militar, que acionou a ambul\u00e2ncia de Para\u00edso das Aguas, onde socorreu o motorista da Land Rover at\u00e9 o Hospital Municipal de Chapad\u00e3o do Sul, onde ficou sob cuidados m\u00e9dicos.<\/p>\n<p><a href=\"https:\/\/ocorreionews.com.br\/wp-content\/uploads\/2016\/03\/ac-pa4.jpg\" rel=\"attachment wp-att-21993\"><img loading=\"lazy\" decoding=\"async\" class=\"alignnone size-medium wp-image-21993\" src=\"https:\/\/ocorreionews.com.br\/wp-content\/uploads\/2016\/03\/ac-pa4-300x169.jpg\" alt=\"ac pa4\" width=\"300\" height=\"169\" srcset=\"https:\/\/www.ocorreionews.com.br\/acervo-correio\/wp-content\/uploads\/2016\/03\/ac-pa4-300x169.jpg 300w, https:\/\/www.ocorreionews.com.br\/acervo-correio\/wp-content\/uploads\/2016\/03\/ac-pa4.jpg 600w\" sizes=\"auto, (max-width: 300px) 100vw, 300px\" \/><\/a> <a href=\"https:\/\/ocorreionews.com.br\/wp-content\/uploads\/2016\/03\/ac-pa2.jpg\" rel=\"attachment wp-att-21991\"><img loading=\"lazy\" decoding=\"async\" class=\"alignnone size-medium wp-image-21991\" src=\"https:\/\/ocorreionews.com.br\/wp-content\/uploads\/2016\/03\/ac-pa2-300x169.jpg\" alt=\"ac pa2\" width=\"300\" height=\"169\" srcset=\"https:\/\/www.ocorreionews.com.br\/acervo-correio\/wp-content\/uploads\/2016\/03\/ac-pa2-300x169.jpg 300w, https:\/\/www.ocorreionews.com.br\/acervo-correio\/wp-content\/uploads\/2016\/03\/ac-pa2.jpg 600w\" sizes=\"auto, (max-width: 300px) 100vw, 300px\" \/><\/a> <a href=\"https:\/\/ocorreionews.com.br\/wp-content\/uploads\/2016\/03\/ac-pa3.jpg\" rel=\"attachment wp-att-21992\"><img loading=\"lazy\" decoding=\"async\" class=\"alignnone size-medium wp-image-21992\" src=\"https:\/\/ocorreionews.com.br\/wp-content\/uploads\/2016\/03\/ac-pa3-300x169.jpg\" alt=\"ac pa3\" width=\"300\" height=\"169\" srcset=\"https:\/\/www.ocorreionews.com.br\/acervo-correio\/wp-content\/uploads\/2016\/03\/ac-pa3-300x169.jpg 300w, https:\/\/www.ocorreionews.com.br\/acervo-correio\/wp-content\/uploads\/2016\/03\/ac-pa3.jpg 600w\" sizes=\"auto, (max-width: 300px) 100vw, 300px\" \/><\/a> <a href=\"https:\/\/ocorreionews.com.br\/wp-content\/uploads\/2016\/03\/ac-pa.jpg\" rel=\"attachment wp-att-21990\"><img loading=\"lazy\" decoding=\"async\" class=\"alignnone size-medium wp-image-21990\" src=\"https:\/\/ocorreionews.com.br\/wp-content\/uploads\/2016\/03\/ac-pa-300x240.jpg\" alt=\"ac pa\" width=\"300\" height=\"240\" srcset=\"https:\/\/www.ocorreionews.com.br\/acervo-correio\/wp-content\/uploads\/2016\/03\/ac-pa-300x240.jpg 300w, https:\/\/www.ocorreionews.com.br\/acervo-correio\/wp-content\/uploads\/2016\/03\/ac-pa.jpg 600w\" sizes=\"auto, (max-width: 300px) 100vw, 300px\" \/><\/a><\/p>\n","protected":false},"excerpt":{"rendered":"<p>A baixa velocidade de um ve\u00edculo, acabou provocando um acidente no km 56 da BR 060, no munic\u00edpio de Para\u00edso das \u00c1guas, pr\u00f3xima a entrada da f\u00e1brica de queijo Brum,. Segundo consta no Boletim de Ocorr\u00eancias, Jos\u00e9 Duarte Francisco, 30 anos, trafegava pela a rodovia, quando deparou com outro ve\u00edculo (n\u00e3o identificado) em baixa velocidade, [&hellip;]<\/p>\n","protected":false},"author":4,"featured_media":21994,"comment_status":"closed","ping_status":"closed","sticky":false,"template":"","format":"standard","meta":{"footnotes":""},"categories":[36,38],"tags":[],"class_list":["post-21989","post","type-post","status-publish","format-standard","has-post-thumbnail","hentry","category-paraiso-das-aguas","category-policia"],"_links":{"self":[{"href":"https:\/\/www.ocorreionews.com.br\/acervo-correio\/index.php?rest_route=\/wp\/v2\/posts\/21989","targetHints":{"allow":["GET"]}}],"collection":[{"href":"https:\/\/www.ocorreionews.com.br\/acervo-correio\/index.php?rest_route=\/wp\/v2\/posts"}],"about":[{"href":"https:\/\/www.ocorreionews.com.br\/acervo-correio\/index.php?rest_route=\/wp\/v2\/types\/post"}],"author":[{"embeddable":true,"href":"https:\/\/www.ocorreionews.com.br\/acervo-correio\/index.php?rest_route=\/wp\/v2\/users\/4"}],"replies":[{"embeddable":true,"href":"https:\/\/www.ocorreionews.com.br\/acervo-correio\/index.php?rest_route=%2Fwp%2Fv2%2Fcomments&post=21989"}],"version-history":[{"count":0,"href":"https:\/\/www.ocorreionews.com.br\/acervo-correio\/index.php?rest_route=\/wp\/v2\/posts\/21989\/revisions"}],"wp:featuredmedia":[{"embeddable":true,"href":"https:\/\/www.ocorreionews.com.br\/acervo-correio\/index.php?rest_route=\/wp\/v2\/media\/21994"}],"wp:attachment":[{"href":"https:\/\/www.ocorreionews.com.br\/acervo-correio\/index.php?rest_route=%2Fwp%2Fv2%2Fmedia&parent=21989"}],"wp:term":[{"taxonomy":"category","embeddable":true,"href":"https:\/\/www.ocorreionews.com.br\/acervo-correio\/index.php?rest_route=%2Fwp%2Fv2%2Fcategories&post=21989"},{"taxonomy":"post_tag","embeddable":true,"href":"https:\/\/www.ocorreionews.com.br\/acervo-correio\/index.php?rest_route=%2Fwp%2Fv2%2Ftags&post=21989"}],"curies":[{"name":"wp","href":"https:\/\/api.w.org\/{rel}","templated":true}]}}