{"id":22060,"date":"2016-03-07T07:10:15","date_gmt":"2016-03-07T11:10:15","guid":{"rendered":"https:\/\/ocorreionews.com.br\/?p=22060"},"modified":"2016-03-07T07:10:15","modified_gmt":"2016-03-07T11:10:15","slug":"pauta-para-a-1095a-sessao-ordinaria-chapadao-do-sul","status":"publish","type":"post","link":"https:\/\/www.ocorreionews.com.br\/acervo-correio\/?p=22060","title":{"rendered":"Pauta para a 1095\u00aa Sess\u00e3o Ordin\u00e1ria &#8211; Chapad\u00e3o do Sul"},"content":{"rendered":"<p style=\"text-align: justify;\">PAUTA PARA A 1095\u00aa SESS\u00c3O ORDIN\u00c1RIA<\/p>\n<p style=\"text-align: justify;\">\u00a04\u00aa SESS\u00c3O LEGISLATIVA<\/p>\n<p style=\"text-align: justify;\">\u00a07\u00aa LEGISLATURA<\/p>\n<p style=\"text-align: justify;\">\u00a0A REALIZAR-SE NO DIA 07\/03\/2016 SEGUNDA \u2013 FEIRA<\/p>\n<p style=\"text-align: justify;\">\u00a0\u00c0S 19 HORAS<\/p>\n<p style=\"text-align: justify;\">\n<p style=\"text-align: justify;\"><strong>EXPEDIENTE DE VEREADORES \u00a0\u00a0<\/strong><\/p>\n<p style=\"text-align: justify;\"><strong>REQUERIMENTO N\u00ba 349\/2016 \u2013 VER. S\u00d4NIA MARAN\u00a0<\/strong><\/p>\n<p style=\"text-align: justify;\">REQUEIRO \u00e0 Mesa, na forma regimental e depois de ouvido o Douto Plen\u00e1rio de Delibera\u00e7\u00f5es, o envio de expediente ao Prefeito Municipal Luiz Felipe Barreto de Magalh\u00e3es, com c\u00f3pia a Secret\u00e1ria Municipal de Finan\u00e7as e Planejamento, Maril\u00e9ia Brizola da Rosa, solicitando que seja encaminhado a esta Casa de Leis c\u00f3pia dos comprovantes banc\u00e1rios dos repasses financeiros as Entidades abaixo subscritas, subvencionadas pelo Munic\u00edpio, do per\u00edodo de fevereiro de 2015 a fevereiro de 2016.<\/p>\n<p style=\"text-align: justify;\">&#8211; <strong>Associa\u00e7\u00e3o Eben\u00e9zer;<\/strong><\/p>\n<p style=\"text-align: justify;\">&#8211; <strong>Associa\u00e7\u00e3o \u00c1gape;\u00a0<\/strong><\/p>\n<p style=\"text-align: justify;\">&#8211; <strong>Associa\u00e7\u00e3o Gileade,\u00a0<\/strong><\/p>\n<p style=\"text-align: justify;\">&#8211; <strong>Comunidade Terap\u00eautica Nova Esperan\u00e7a \u2013 COTENEC;\u00a0<\/strong><\/p>\n<p style=\"text-align: justify;\">&#8211; <strong>APECSUL \u2013 Associa\u00e7\u00e3o dos Pastores Evang\u00e9licos de Chapad\u00e3o do Sul;\u00a0<\/strong><\/p>\n<p style=\"text-align: justify;\">&#8211; <strong>CTG \u2013 Cultivando a Tradi\u00e7\u00e3o.\u00a0<\/strong><\/p>\n<p style=\"text-align: justify;\"><strong>REQUERIMENTO N\u00ba 350\/2016 \u2013 VER. S\u00d4NIA MARAN\u00a0<\/strong><\/p>\n<p style=\"text-align: justify;\">REQUEIRO \u00e0 Mesa, na forma regimental e depois de ouvido o Douto Plen\u00e1rio de Delibera\u00e7\u00f5es, o envio de expediente ao Prefeito Municipal Luiz Felipe Barreto de Magalh\u00e3es, com c\u00f3pia a Secret\u00e1ria Municipal de Finan\u00e7as e Planejamento, Maril\u00e9ia Brizola da Rosa, solicitando o seguinte esclarecimento quanto ao conv\u00eanio firmado entre a Prefeitura Municipal e a Associa\u00e7\u00e3o Eben\u00e9zer:<\/p>\n<p style=\"text-align: justify;\">Motivo pelo qual o mencionado conv\u00eanio com a Associa\u00e7\u00e3o Eben\u00e9zer ser\u00e1 de seis meses (04\/01\/16 a 31\/07\/2016), enquanto que, com as outras entidades como Associa\u00e7\u00e3o \u00c1gape, Comunidade Terap\u00eautica Nova Esperan\u00e7a, Associa\u00e7\u00e3o Gileade e CTG, ser\u00e1 de doze meses.<\/p>\n<p style=\"text-align: justify;\"><strong>REQUERIMENTO N\u00ba 351\/2016 \u2013 VER. S\u00d4NIA MARAN \u00a0<\/strong><\/p>\n<p style=\"text-align: justify;\">REQUEIRO \u00e0 Mesa, na forma regimental e depois de ouvido o Douto Plen\u00e1rio de Delibera\u00e7\u00f5es, o envio de expediente ao Prefeito Municipal Luiz Felipe Barreto de Magalh\u00e3es, solicitando que seja encaminhado a esta Casa de Leis, um cronograma de onde ser\u00e1 usado o estabilizante qu\u00edmico s\u00f3lido para tratamento da base de pavimenta\u00e7\u00e3o asf\u00e1ltica, no valor de R$ 93.000,00 (noventa e tr\u00eas mil reais) cuja entrega ser\u00e1 realizada pela Empresa DYNABASE \u2013 Com\u00e9rcio de Produtos Qu\u00edmicos Ltda. \u2013 ME.<\/p>\n<p style=\"text-align: justify;\"><strong>REQUERIMENTO N\u00ba 352\/2016 \u2013 VER. S\u00d4NIA MARAN\u00a0<\/strong><\/p>\n<p style=\"text-align: justify;\">REQUEIRO \u00e0 Mesa, na forma regimental e depois de ouvido o Douto Plen\u00e1rio de Delibera\u00e7\u00f5es, o envio de expediente ao Prefeito Municipal Luiz Felipe Barreto de Magalh\u00e3es, solicitando algumas informa\u00e7\u00f5es acerca da Emenda Parlamentar destinada ao nosso Munic\u00edpio, atrav\u00e9s do Deputado Estadual Paulo Corr\u00eaa, cujo fim espec\u00edfico \u00e9 a aquisi\u00e7\u00e3o de uma Mesa Shaver para cirurgia ortop\u00e9dica.<\/p>\n<p style=\"text-align: justify;\">&#8211; J<strong>\u00e1 foi realizada a licita\u00e7\u00e3o para a aquisi\u00e7\u00e3o da referida Mesa?\u00a0<\/strong><\/p>\n<p style=\"text-align: justify;\">&#8211; <strong>Qual a previs\u00e3o para que isso aconte\u00e7a?\u00a0<\/strong><\/p>\n<p style=\"text-align: justify;\">&#8211; <strong>O que est\u00e1 impedindo que tal aquisi\u00e7\u00e3o aconte\u00e7a? \u00a0<\/strong><\/p>\n<p style=\"text-align: justify;\">\n<p style=\"text-align: justify;\"><strong>REQUERIMENTO N\u00ba 353\/2016 \u2013 VER. S\u00d4NIA MARAN\u00a0<\/strong><\/p>\n<p style=\"text-align: justify;\">REQUEIRO \u00e0 Mesa, na forma regimental e depois de ouvido o Douto Plen\u00e1rio de Delibera\u00e7\u00f5es, o envio de expediente ao Prefeito Municipal Luiz Felipe Barreto de Magalh\u00e3es, com c\u00f3pia ao Secret\u00e1rio de Obras, Transportes e Servi\u00e7os P\u00fablicos, Jos\u00e9 Humberto de Freitas, solicitando que seja encaminhado a esta Casa de Leis, cronograma contendo as datas que os \u00f4nibus para transporte dos alunos para as Faculdades FACHASUL e UFMS estar\u00e3o circulando, bem como, informativo com os pontos de parada dos mesmos.<\/p>\n<p style=\"text-align: justify;\"><strong>INDICA\u00c7\u00c3O N\u00ba 670\/2016 \u2013 VER. ROSEMARI CRUZ\u00a0<\/strong><\/p>\n<p style=\"text-align: justify;\">INDICO \u00e0 Mesa, na forma regimental, e depois de ouvido o Douto Plen\u00e1rio de Delibera\u00e7\u00f5es, o envio de expediente ao Prefeito Municipal Luiz Felipe Barreto de Magalh\u00e3es, com c\u00f3pia a Secret\u00e1ria de Administra\u00e7\u00e3o, Karolyne Aparecida Lima Maluf, solicitando a instala\u00e7\u00e3o de c\u00e2meras de seguran\u00e7a, nas depend\u00eancias do Terminal Rodovi\u00e1rio de Chapad\u00e3o do Sul.<\/p>\n<p style=\"text-align: justify;\"><strong>INDICA\u00c7\u00c3O N\u00ba 671\/2016 \u2013 VER. ELTON SILVA\u00a0<\/strong><\/p>\n<p style=\"text-align: justify;\">INDICO \u00e0 Mesa, na forma regimental, e depois de ouvido o Douto Plen\u00e1rio de Delibera\u00e7\u00f5es, o envio de expediente ao Prefeito Municipal Luiz Felipe Barreto de Magalh\u00e3es, com c\u00f3pia a Secret\u00e1ria de Sa\u00fade, Rosimary Barros, solicitando a aquisi\u00e7\u00e3o de um aparelho Autoclave, para o Hospital Municipal de Chapad\u00e3o do Sul.<\/p>\n<p style=\"text-align: justify;\"><strong>INDICA\u00c7\u00c3O N\u00ba 672\/2016 \u2013 VER. ELTON SILVA\u00a0<\/strong><\/p>\n<p style=\"text-align: justify;\">INDICO \u00e0 Mesa, na forma regimental, e depois de ouvido o Douto Plen\u00e1rio de Delibera\u00e7\u00f5es, o envio de expediente ao Prefeito Municipal Luiz Felipe Barreto de Magalh\u00e3es, com c\u00f3pia ao Secret\u00e1rio de Obras, Transportes e Servi\u00e7os P\u00fablicos, Jos\u00e9 Humberto Freitas, solicitando a implanta\u00e7\u00e3o de estacionamento no decorrer da Avenida \u00c2ngelo Ant\u00f4nio Gasparetto, no Polo Empresarial de nosso Munic\u00edpio.<\/p>\n<p style=\"text-align: justify;\"><strong>INDICA\u00c7\u00c3O N\u00ba 673\/2016 \u2013 VER. ELTON SILVA\u00a0<\/strong><\/p>\n<p style=\"text-align: justify;\">INDICO \u00e0 Mesa, na forma regimental, e depois de ouvido o Douto Plen\u00e1rio de Delibera\u00e7\u00f5es, o envio de expediente ao Prefeito Municipal Luiz Felipe Barreto de Magalh\u00e3es, com c\u00f3pia ao Secret\u00e1rio de Obras, Transportes e Servi\u00e7os P\u00fablicos, Jos\u00e9 Humberto Freitas, solicitando que a Prefeitura Municipal continue a disponibilizar \u00f4nibus, para o transporte escolar dos moradores do Bairro Esplanada.<\/p>\n<p style=\"text-align: justify;\"><strong>INDICA\u00c7\u00c3O N\u00ba 674\/2016 \u2013 VER. DR. QUARANTA\u00a0<\/strong><\/p>\n<p style=\"text-align: justify;\">INDICO \u00e0 Mesa, na forma regimental, e depois de ouvido o Douto Plen\u00e1rio de Delibera\u00e7\u00f5es, o envio de expediente ao Deputado Estadual, Jos\u00e9 Roberto Teixeira, solicitando a destina\u00e7\u00e3o de Emenda Parlamentar ao nosso Munic\u00edpio, a fim de contemplar o Corpo de Bombeiros com uma piscina semiol\u00edmpica.<\/p>\n<p style=\"text-align: justify;\"><strong>INDICA\u00c7\u00c3O N\u00ba 675\/2016 \u2013 VER. DR. QUARANTA\u00a0<\/strong><\/p>\n<p style=\"text-align: justify;\">INDICO \u00e0 Mesa, na forma regimental, e depois de ouvido o Douto Plen\u00e1rio de Delibera\u00e7\u00f5es, o envio de expediente ao Deputado Estadual, Jos\u00e9 Roberto Teixeira, solicitando a destina\u00e7\u00e3o de Emenda Parlamentar ao nosso Munic\u00edpio para reforma e amplia\u00e7\u00e3o do pr\u00e9dio do Batalh\u00e3o de Pol\u00edcia Militar.<\/p>\n<p style=\"text-align: justify;\"><strong>INDICA\u00c7\u00c3O N\u00ba 676\/2016 &#8211; VER. TEACHER WAGNER \u00a0 \u00a0\u00a0<\/strong><\/p>\n<p style=\"text-align: justify;\">INDICO \u00e0 mesa na forma regimental e depois de ouvido o Douto Plen\u00e1rio de Delibera\u00e7\u00f5es, o envio de expediente ao representante da REPRAM, Empresa respons\u00e1vel por nossa limpeza urbana, Sr. Alexandre Luiz Braga de Souza, solicitando que os funcion\u00e1rios terceirizados que fazem a poda dos canteiros municipais, instalem uma tela de prote\u00e7\u00e3o, uma vez que os comerciantes e moradores apontam que durante a poda, pedras s\u00e3o arremessadas nos carros e vidra\u00e7as dos com\u00e9rcios e resid\u00eancias.<\/p>\n<p style=\"text-align: justify;\"><strong>MENSAGEM DO EXECUTIVO \u00a0<\/strong><\/p>\n<p style=\"text-align: justify;\">&#8211; Mensagem n\u00ba 012\/2016. Encaminha Projeto de Lei n\u00ba 176\/2016. Executivo que: \u201cInstitui o C\u00f3digo de Posturas do Munic\u00edpio de Chapad\u00e3o do Sul\u201d.<\/p>\n<p style=\"text-align: justify;\">&#8211; Mensagem n\u00ba 013\/2016. Encaminha Projeto de Lei n. 177\/2016. Executivo que: &#8220;Concede Subven\u00e7\u00e3o Social a Sociedade Esportiva e Recreativa Chapad\u00e3o, e d\u00e1 outras provid\u00eancias &#8220;.<\/p>\n<p style=\"text-align: justify;\">Secretaria da Sess\u00f5es,<\/p>\n<p style=\"text-align: justify;\">Dia 04\/03\/2016,<\/p>\n<p style=\"text-align: justify;\">Ronaldo Ara\u00fajo,<\/p>\n<p style=\"text-align: justify;\">Assessor de Comunica\u00e7\u00e3o.<\/p>\n","protected":false},"excerpt":{"rendered":"<p>PAUTA PARA A 1095\u00aa SESS\u00c3O ORDIN\u00c1RIA \u00a04\u00aa SESS\u00c3O LEGISLATIVA \u00a07\u00aa LEGISLATURA \u00a0A REALIZAR-SE NO DIA 07\/03\/2016 SEGUNDA \u2013 FEIRA \u00a0\u00c0S 19 HORAS EXPEDIENTE DE VEREADORES \u00a0\u00a0 REQUERIMENTO N\u00ba 349\/2016 \u2013 VER. S\u00d4NIA MARAN\u00a0 REQUEIRO \u00e0 Mesa, na forma regimental e depois de ouvido o Douto Plen\u00e1rio de Delibera\u00e7\u00f5es, o envio de expediente ao Prefeito Municipal [&hellip;]<\/p>\n","protected":false},"author":4,"featured_media":21357,"comment_status":"closed","ping_status":"closed","sticky":false,"template":"","format":"standard","meta":{"footnotes":""},"categories":[49],"tags":[],"class_list":["post-22060","post","type-post","status-publish","format-standard","has-post-thumbnail","hentry","category-informe-publicitario"],"_links":{"self":[{"href":"https:\/\/www.ocorreionews.com.br\/acervo-correio\/index.php?rest_route=\/wp\/v2\/posts\/22060","targetHints":{"allow":["GET"]}}],"collection":[{"href":"https:\/\/www.ocorreionews.com.br\/acervo-correio\/index.php?rest_route=\/wp\/v2\/posts"}],"about":[{"href":"https:\/\/www.ocorreionews.com.br\/acervo-correio\/index.php?rest_route=\/wp\/v2\/types\/post"}],"author":[{"embeddable":true,"href":"https:\/\/www.ocorreionews.com.br\/acervo-correio\/index.php?rest_route=\/wp\/v2\/users\/4"}],"replies":[{"embeddable":true,"href":"https:\/\/www.ocorreionews.com.br\/acervo-correio\/index.php?rest_route=%2Fwp%2Fv2%2Fcomments&post=22060"}],"version-history":[{"count":0,"href":"https:\/\/www.ocorreionews.com.br\/acervo-correio\/index.php?rest_route=\/wp\/v2\/posts\/22060\/revisions"}],"wp:featuredmedia":[{"embeddable":true,"href":"https:\/\/www.ocorreionews.com.br\/acervo-correio\/index.php?rest_route=\/wp\/v2\/media\/21357"}],"wp:attachment":[{"href":"https:\/\/www.ocorreionews.com.br\/acervo-correio\/index.php?rest_route=%2Fwp%2Fv2%2Fmedia&parent=22060"}],"wp:term":[{"taxonomy":"category","embeddable":true,"href":"https:\/\/www.ocorreionews.com.br\/acervo-correio\/index.php?rest_route=%2Fwp%2Fv2%2Fcategories&post=22060"},{"taxonomy":"post_tag","embeddable":true,"href":"https:\/\/www.ocorreionews.com.br\/acervo-correio\/index.php?rest_route=%2Fwp%2Fv2%2Ftags&post=22060"}],"curies":[{"name":"wp","href":"https:\/\/api.w.org\/{rel}","templated":true}]}}