{"id":22070,"date":"2016-03-07T08:47:46","date_gmt":"2016-03-07T12:47:46","guid":{"rendered":"https:\/\/ocorreionews.com.br\/?p=22070"},"modified":"2016-03-07T14:31:11","modified_gmt":"2016-03-07T18:31:11","slug":"22070","status":"publish","type":"post","link":"https:\/\/www.ocorreionews.com.br\/acervo-correio\/?p=22070","title":{"rendered":"Jovem colide em caminh\u00e3o e morre em Chapad\u00e3o do C\u00e9u"},"content":{"rendered":"<p>Ca\u00edque Rafael Costa (21 anos), morreu na noite deste domingo (06), em um grave acidente na GO 050, no per\u00edmetro urbano de Chapad\u00e3o do C\u00e9u &#8211; GO. Segundo informa\u00e7\u00f5es, Ca\u00edque que era o motorista do Gol vinha sentido Balne\u00e1rio Lago das Gar\u00e7as para Chapad\u00e3o do C\u00e9u e colidiu com o ultimo eixo do caminh\u00e3o canavieiro, que j\u00e1 estava sobre a pista de rolamento. Tudo indica que o acidente foi provocado pela ondula\u00e7\u00e3o existente na rodovia, onde Ca\u00edque, provavelmente perdeu o controle do seu veiculo e veio a colidir com a carreta.<\/p>\n<p>O Jovem de 21 anos, n\u00e3o resistiu aos ferimentos e morreu no local do acidente.<\/p>\n<p style=\"text-align: justify;\"><a href=\"https:\/\/ocorreionews.com.br\/wp-content\/uploads\/2016\/03\/Ca\u00edque-Rafael-Costa.jpg\" rel=\"attachment wp-att-22077\"><img loading=\"lazy\" decoding=\"async\" class=\"alignnone size-medium wp-image-22077\" src=\"https:\/\/ocorreionews.com.br\/wp-content\/uploads\/2016\/03\/Ca\u00edque-Rafael-Costa-230x300.jpg\" alt=\"Ca\u00edque Rafael Costa\" width=\"230\" height=\"300\" srcset=\"https:\/\/www.ocorreionews.com.br\/acervo-correio\/wp-content\/uploads\/2016\/03\/Ca\u00edque-Rafael-Costa-230x300.jpg 230w, https:\/\/www.ocorreionews.com.br\/acervo-correio\/wp-content\/uploads\/2016\/03\/Ca\u00edque-Rafael-Costa.jpg 268w\" sizes=\"auto, (max-width: 230px) 100vw, 230px\" \/><\/a><\/p>\n<p style=\"text-align: justify;\">No carro de Ca\u00edque, estava outra pessoa ainda n\u00e3o identificada que teve ferimentos leves.<\/p>\n<p style=\"text-align: justify;\">Segundo familiares que esteve no local do acidente, Ca\u00edque havia ido levar outro amigo na obra onde eles trabalhavam pr\u00f3ximo ao balne\u00e1rio Lago das Gar\u00e7as, deixou o amigo e j\u00e1 retornou para cidade e ao chegar ao per\u00edmetro urbano enfrente ao Auto Posto Mania aconteceu \u00e0 colis\u00e3o. O veiculo que estava dirigindo ficou totalmente destru\u00eddo do lado do motorista, com ajuda da Policia Rodovi\u00e1ria o IML teve muito trabalho para retirar a vitima de dentro do carro que ficou preso nas ferragens. O corpo de Ca\u00edque foi levado para o IML de Jata\u00ed.<\/p>\n<p style=\"text-align: justify;\">Neste local j\u00e1 correram v\u00e1rios acidentes, tamb\u00e9m com vitimas fatais. Moradores da cidade pedem a constru\u00e7\u00e3o de um rotat\u00f3ria no local, porque tem um grande n\u00fameros de caminh\u00f5es pesados que entram na rodovia no local do acidente.<\/p>\n<p style=\"text-align: justify;\"><a href=\"https:\/\/ocorreionews.com.br\/wp-content\/uploads\/2016\/03\/Acidente-Caique.jpg\" rel=\"attachment wp-att-22072\"><img loading=\"lazy\" decoding=\"async\" class=\"alignnone wp-image-22072 size-full\" src=\"https:\/\/ocorreionews.com.br\/wp-content\/uploads\/2016\/03\/Acidente-Caique.jpg\" alt=\"Acidente Caique\" width=\"640\" height=\"359\" srcset=\"https:\/\/www.ocorreionews.com.br\/acervo-correio\/wp-content\/uploads\/2016\/03\/Acidente-Caique.jpg 640w, https:\/\/www.ocorreionews.com.br\/acervo-correio\/wp-content\/uploads\/2016\/03\/Acidente-Caique-300x168.jpg 300w\" sizes=\"auto, (max-width: 640px) 100vw, 640px\" \/><\/a> <a href=\"https:\/\/ocorreionews.com.br\/wp-content\/uploads\/2016\/03\/Acidente-Caique2.jpg\" rel=\"attachment wp-att-22073\"><img loading=\"lazy\" decoding=\"async\" class=\"alignnone wp-image-22073 size-full\" src=\"https:\/\/ocorreionews.com.br\/wp-content\/uploads\/2016\/03\/Acidente-Caique2.jpg\" alt=\"Acidente Caique2\" width=\"640\" height=\"357\" srcset=\"https:\/\/www.ocorreionews.com.br\/acervo-correio\/wp-content\/uploads\/2016\/03\/Acidente-Caique2.jpg 640w, https:\/\/www.ocorreionews.com.br\/acervo-correio\/wp-content\/uploads\/2016\/03\/Acidente-Caique2-300x167.jpg 300w\" sizes=\"auto, (max-width: 640px) 100vw, 640px\" \/><\/a> <a href=\"https:\/\/ocorreionews.com.br\/wp-content\/uploads\/2016\/03\/Acidente-Caique3.jpg\" rel=\"attachment wp-att-22074\"><img loading=\"lazy\" decoding=\"async\" class=\"alignnone wp-image-22074 size-full\" src=\"https:\/\/ocorreionews.com.br\/wp-content\/uploads\/2016\/03\/Acidente-Caique3.jpg\" alt=\"Acidente Caique3\" width=\"640\" height=\"358\" srcset=\"https:\/\/www.ocorreionews.com.br\/acervo-correio\/wp-content\/uploads\/2016\/03\/Acidente-Caique3.jpg 640w, https:\/\/www.ocorreionews.com.br\/acervo-correio\/wp-content\/uploads\/2016\/03\/Acidente-Caique3-300x168.jpg 300w\" sizes=\"auto, (max-width: 640px) 100vw, 640px\" \/><\/a> <a href=\"https:\/\/ocorreionews.com.br\/wp-content\/uploads\/2016\/03\/Acidente-Caique4.jpg\" rel=\"attachment wp-att-22075\"><img loading=\"lazy\" decoding=\"async\" class=\"alignnone wp-image-22075 size-full\" src=\"https:\/\/ocorreionews.com.br\/wp-content\/uploads\/2016\/03\/Acidente-Caique4.jpg\" alt=\"Acidente Caique4\" width=\"640\" height=\"360\" srcset=\"https:\/\/www.ocorreionews.com.br\/acervo-correio\/wp-content\/uploads\/2016\/03\/Acidente-Caique4.jpg 640w, https:\/\/www.ocorreionews.com.br\/acervo-correio\/wp-content\/uploads\/2016\/03\/Acidente-Caique4-300x169.jpg 300w\" sizes=\"auto, (max-width: 640px) 100vw, 640px\" \/><\/a> <a href=\"https:\/\/ocorreionews.com.br\/wp-content\/uploads\/2016\/03\/Acidente-Caique5.jpg\" rel=\"attachment wp-att-22076\"><img loading=\"lazy\" decoding=\"async\" class=\"alignnone wp-image-22076 size-full\" src=\"https:\/\/ocorreionews.com.br\/wp-content\/uploads\/2016\/03\/Acidente-Caique5.jpg\" alt=\"Acidente Caique5\" width=\"640\" height=\"359\" srcset=\"https:\/\/www.ocorreionews.com.br\/acervo-correio\/wp-content\/uploads\/2016\/03\/Acidente-Caique5.jpg 640w, https:\/\/www.ocorreionews.com.br\/acervo-correio\/wp-content\/uploads\/2016\/03\/Acidente-Caique5-300x168.jpg 300w\" sizes=\"auto, (max-width: 640px) 100vw, 640px\" \/><\/a><\/p>\n<p style=\"text-align: justify;\">Com informa\u00e7\u00f5es\u00a0 e Foto Adriano Diogo<\/p>\n","protected":false},"excerpt":{"rendered":"<p>Ca\u00edque Rafael Costa (21 anos), morreu na noite deste domingo (06), em um grave acidente na GO 050, no per\u00edmetro urbano de Chapad\u00e3o do C\u00e9u &#8211; GO. Segundo informa\u00e7\u00f5es, Ca\u00edque que era o motorista do Gol vinha sentido Balne\u00e1rio Lago das Gar\u00e7as para Chapad\u00e3o do C\u00e9u e colidiu com o ultimo eixo do caminh\u00e3o canavieiro, [&hellip;]<\/p>\n","protected":false},"author":4,"featured_media":22075,"comment_status":"closed","ping_status":"closed","sticky":false,"template":"","format":"standard","meta":{"footnotes":""},"categories":[22,38],"tags":[],"class_list":["post-22070","post","type-post","status-publish","format-standard","has-post-thumbnail","hentry","category-chapadao-do-ceu","category-policia"],"_links":{"self":[{"href":"https:\/\/www.ocorreionews.com.br\/acervo-correio\/index.php?rest_route=\/wp\/v2\/posts\/22070","targetHints":{"allow":["GET"]}}],"collection":[{"href":"https:\/\/www.ocorreionews.com.br\/acervo-correio\/index.php?rest_route=\/wp\/v2\/posts"}],"about":[{"href":"https:\/\/www.ocorreionews.com.br\/acervo-correio\/index.php?rest_route=\/wp\/v2\/types\/post"}],"author":[{"embeddable":true,"href":"https:\/\/www.ocorreionews.com.br\/acervo-correio\/index.php?rest_route=\/wp\/v2\/users\/4"}],"replies":[{"embeddable":true,"href":"https:\/\/www.ocorreionews.com.br\/acervo-correio\/index.php?rest_route=%2Fwp%2Fv2%2Fcomments&post=22070"}],"version-history":[{"count":0,"href":"https:\/\/www.ocorreionews.com.br\/acervo-correio\/index.php?rest_route=\/wp\/v2\/posts\/22070\/revisions"}],"wp:featuredmedia":[{"embeddable":true,"href":"https:\/\/www.ocorreionews.com.br\/acervo-correio\/index.php?rest_route=\/wp\/v2\/media\/22075"}],"wp:attachment":[{"href":"https:\/\/www.ocorreionews.com.br\/acervo-correio\/index.php?rest_route=%2Fwp%2Fv2%2Fmedia&parent=22070"}],"wp:term":[{"taxonomy":"category","embeddable":true,"href":"https:\/\/www.ocorreionews.com.br\/acervo-correio\/index.php?rest_route=%2Fwp%2Fv2%2Fcategories&post=22070"},{"taxonomy":"post_tag","embeddable":true,"href":"https:\/\/www.ocorreionews.com.br\/acervo-correio\/index.php?rest_route=%2Fwp%2Fv2%2Ftags&post=22070"}],"curies":[{"name":"wp","href":"https:\/\/api.w.org\/{rel}","templated":true}]}}