{"id":22080,"date":"2016-03-07T08:53:44","date_gmt":"2016-03-07T12:53:44","guid":{"rendered":"https:\/\/ocorreionews.com.br\/?p=22080"},"modified":"2016-03-07T08:53:44","modified_gmt":"2016-03-07T12:53:44","slug":"chapadao-do-sul-fara-campanha-do-exame-preventivo-de-cancer-de-colo-de-utero","status":"publish","type":"post","link":"https:\/\/www.ocorreionews.com.br\/acervo-correio\/?p=22080","title":{"rendered":"Chapad\u00e3o do Sul far\u00e1 Campanha do Exame Preventivo de C\u00e2ncer de Colo de \u00datero"},"content":{"rendered":"<p>A Secretaria de Sa\u00fade informa a todas as mulheres de Chapad\u00e3o do Sul, que ter\u00e1 inicio no pr\u00f3ximo dia, 14, a Campanha do Exame Preventivo de C\u00e2ncer de Colo de \u00datero. Ser\u00e3o quatro dias de campanha encerrando-se, no dia 18.<\/p>\n<p>Neste per\u00edodo todas as Unidades de Estrat\u00e9gias de Sa\u00fade da Fam\u00edlia \u2013 EFS\u2019s, do munic\u00edpio estar\u00e3o realizando o exame. Exceto o ESF Esperan\u00e7a onde as mulheres poder\u00e3o colher o exame no ESF central.<\/p>\n<p>Os exames poder\u00e3o ser feitos nestas unidades a partir das 07:00\u00a0\u00e0s 11:00 e das 15:00 \u00e0s 19:00 horas.<\/p>\n<p>Orienta\u00e7\u00f5es importantes:<\/p>\n<p>&#8211; LEVAR CART\u00c3O SUS;<\/p>\n<p>&#8211; N\u00c3O SE RELACIONAR SEXUALMENTE DURANTE 3 DIAS ANTERIORES AO DIA DA COLETA;<\/p>\n<p>&#8211; N\u00c3O INTRODUZIR DUCHA, CREMES OU POMADAS VAGINAIS;<\/p>\n<p>&#8211; N\u00c3O ESTAR NO PER\u00cdODO MENSTRUAL.<\/p>\n<p>Esperamos todas voc\u00eas, mulheres.\u00a0Cuidem da sua sa\u00fade!<\/p>\n<p>*<em>Andr\u00e9 R. Anjos<\/em>*<\/p>\n","protected":false},"excerpt":{"rendered":"<p>A Secretaria de Sa\u00fade informa a todas as mulheres de Chapad\u00e3o do Sul, que ter\u00e1 inicio no pr\u00f3ximo dia, 14, a Campanha do Exame Preventivo de C\u00e2ncer de Colo de \u00datero. Ser\u00e3o quatro dias de campanha encerrando-se, no dia 18. Neste per\u00edodo todas as Unidades de Estrat\u00e9gias de Sa\u00fade da Fam\u00edlia \u2013 EFS\u2019s, do munic\u00edpio [&hellip;]<\/p>\n","protected":false},"author":4,"featured_media":22082,"comment_status":"closed","ping_status":"closed","sticky":false,"template":"","format":"standard","meta":{"footnotes":""},"categories":[23],"tags":[],"class_list":["post-22080","post","type-post","status-publish","format-standard","has-post-thumbnail","hentry","category-chapadao-do-sul"],"_links":{"self":[{"href":"https:\/\/www.ocorreionews.com.br\/acervo-correio\/index.php?rest_route=\/wp\/v2\/posts\/22080","targetHints":{"allow":["GET"]}}],"collection":[{"href":"https:\/\/www.ocorreionews.com.br\/acervo-correio\/index.php?rest_route=\/wp\/v2\/posts"}],"about":[{"href":"https:\/\/www.ocorreionews.com.br\/acervo-correio\/index.php?rest_route=\/wp\/v2\/types\/post"}],"author":[{"embeddable":true,"href":"https:\/\/www.ocorreionews.com.br\/acervo-correio\/index.php?rest_route=\/wp\/v2\/users\/4"}],"replies":[{"embeddable":true,"href":"https:\/\/www.ocorreionews.com.br\/acervo-correio\/index.php?rest_route=%2Fwp%2Fv2%2Fcomments&post=22080"}],"version-history":[{"count":0,"href":"https:\/\/www.ocorreionews.com.br\/acervo-correio\/index.php?rest_route=\/wp\/v2\/posts\/22080\/revisions"}],"wp:featuredmedia":[{"embeddable":true,"href":"https:\/\/www.ocorreionews.com.br\/acervo-correio\/index.php?rest_route=\/wp\/v2\/media\/22082"}],"wp:attachment":[{"href":"https:\/\/www.ocorreionews.com.br\/acervo-correio\/index.php?rest_route=%2Fwp%2Fv2%2Fmedia&parent=22080"}],"wp:term":[{"taxonomy":"category","embeddable":true,"href":"https:\/\/www.ocorreionews.com.br\/acervo-correio\/index.php?rest_route=%2Fwp%2Fv2%2Fcategories&post=22080"},{"taxonomy":"post_tag","embeddable":true,"href":"https:\/\/www.ocorreionews.com.br\/acervo-correio\/index.php?rest_route=%2Fwp%2Fv2%2Ftags&post=22080"}],"curies":[{"name":"wp","href":"https:\/\/api.w.org\/{rel}","templated":true}]}}