{"id":22100,"date":"2016-03-07T10:49:03","date_gmt":"2016-03-07T14:49:03","guid":{"rendered":"https:\/\/ocorreionews.com.br\/?p=22100"},"modified":"2016-03-07T10:49:03","modified_gmt":"2016-03-07T14:49:03","slug":"vereadores-walter-rosa-e-donivani-martins-solicitam-pintura-em-portao-no-colegio-fruto-da-terra","status":"publish","type":"post","link":"https:\/\/www.ocorreionews.com.br\/acervo-correio\/?p=22100","title":{"rendered":"Vereadores Walter Rosa e Donivani Martins solicitam pintura em port\u00e3o no Col\u00e9gio Fruto da Terra"},"content":{"rendered":"<p>Durante Sess\u00e3o Ordin\u00e1ria realizada no dia 01 de mar\u00e7o\/16, os vereadores Walter Rosa (PP) e Donivani Martins (PMDB), apresentaram o requerimento n\u00ba 004\/2016, solicitando ao Poder Executivo \u00e0 pintura dos port\u00f5es do Col\u00e9gio Estadual Fruto da Terra.<\/p>\n<p><a href=\"https:\/\/ocorreionews.com.br\/wp-content\/uploads\/2015\/08\/bigico-3.jpg\" rel=\"attachment wp-att-8714\"><img loading=\"lazy\" decoding=\"async\" class=\"alignnone size-medium wp-image-8714\" src=\"https:\/\/ocorreionews.com.br\/wp-content\/uploads\/2015\/08\/bigico-3-300x227.jpg\" alt=\"bigico 3\" width=\"300\" height=\"227\" srcset=\"https:\/\/www.ocorreionews.com.br\/acervo-correio\/wp-content\/uploads\/2015\/08\/bigico-3-300x227.jpg 300w, https:\/\/www.ocorreionews.com.br\/acervo-correio\/wp-content\/uploads\/2015\/08\/bigico-3-100x75.jpg 100w, https:\/\/www.ocorreionews.com.br\/acervo-correio\/wp-content\/uploads\/2015\/08\/bigico-3.jpg 600w\" sizes=\"auto, (max-width: 300px) 100vw, 300px\" \/><\/a><\/p>\n<p>Na exposi\u00e7\u00e3o de motivo, os vereadores destacaram que o investimento \u00e9 baixo e se faz necess\u00e1rio para preservar os port\u00f5es, que est\u00e3o sendo<span class=\"text_exposed_show\"> corro\u00eddos pela ferrugem, devido \u00e0 exposi\u00e7\u00e3o ao sol e chuvas, sem a devida pintura que ir\u00e1 proteger os mesmos, al\u00e9m de melhorar visualmente o referido col\u00e9gio.<\/span><\/p>\n<div class=\"text_exposed_show\">\n<p>ASSECOM C\u00c2MARA MUNICIPAL.<\/p>\n<\/div>\n","protected":false},"excerpt":{"rendered":"<p>Durante Sess\u00e3o Ordin\u00e1ria realizada no dia 01 de mar\u00e7o\/16, os vereadores Walter Rosa (PP) e Donivani Martins (PMDB), apresentaram o requerimento n\u00ba 004\/2016, solicitando ao Poder Executivo \u00e0 pintura dos port\u00f5es do Col\u00e9gio Estadual Fruto da Terra. Na exposi\u00e7\u00e3o de motivo, os vereadores destacaram que o investimento \u00e9 baixo e se faz necess\u00e1rio para preservar [&hellip;]<\/p>\n","protected":false},"author":4,"featured_media":10091,"comment_status":"closed","ping_status":"closed","sticky":false,"template":"","format":"standard","meta":{"footnotes":""},"categories":[22],"tags":[],"class_list":["post-22100","post","type-post","status-publish","format-standard","has-post-thumbnail","hentry","category-chapadao-do-ceu"],"_links":{"self":[{"href":"https:\/\/www.ocorreionews.com.br\/acervo-correio\/index.php?rest_route=\/wp\/v2\/posts\/22100","targetHints":{"allow":["GET"]}}],"collection":[{"href":"https:\/\/www.ocorreionews.com.br\/acervo-correio\/index.php?rest_route=\/wp\/v2\/posts"}],"about":[{"href":"https:\/\/www.ocorreionews.com.br\/acervo-correio\/index.php?rest_route=\/wp\/v2\/types\/post"}],"author":[{"embeddable":true,"href":"https:\/\/www.ocorreionews.com.br\/acervo-correio\/index.php?rest_route=\/wp\/v2\/users\/4"}],"replies":[{"embeddable":true,"href":"https:\/\/www.ocorreionews.com.br\/acervo-correio\/index.php?rest_route=%2Fwp%2Fv2%2Fcomments&post=22100"}],"version-history":[{"count":0,"href":"https:\/\/www.ocorreionews.com.br\/acervo-correio\/index.php?rest_route=\/wp\/v2\/posts\/22100\/revisions"}],"wp:featuredmedia":[{"embeddable":true,"href":"https:\/\/www.ocorreionews.com.br\/acervo-correio\/index.php?rest_route=\/wp\/v2\/media\/10091"}],"wp:attachment":[{"href":"https:\/\/www.ocorreionews.com.br\/acervo-correio\/index.php?rest_route=%2Fwp%2Fv2%2Fmedia&parent=22100"}],"wp:term":[{"taxonomy":"category","embeddable":true,"href":"https:\/\/www.ocorreionews.com.br\/acervo-correio\/index.php?rest_route=%2Fwp%2Fv2%2Fcategories&post=22100"},{"taxonomy":"post_tag","embeddable":true,"href":"https:\/\/www.ocorreionews.com.br\/acervo-correio\/index.php?rest_route=%2Fwp%2Fv2%2Ftags&post=22100"}],"curies":[{"name":"wp","href":"https:\/\/api.w.org\/{rel}","templated":true}]}}