{"id":22122,"date":"2016-03-07T16:47:01","date_gmt":"2016-03-07T20:47:01","guid":{"rendered":"https:\/\/ocorreionews.com.br\/?p=22122"},"modified":"2016-03-07T16:47:01","modified_gmt":"2016-03-07T20:47:01","slug":"dia-internacional-das-mulheres-no-super-aurora","status":"publish","type":"post","link":"https:\/\/www.ocorreionews.com.br\/acervo-correio\/?p=22122","title":{"rendered":"Dia internacional das mulheres no Super Aurora"},"content":{"rendered":"<p>Cliente e amiga do Super Aurora, nesta ter\u00e7a-feira, 08 de mar\u00e7o, dia internacional das mulheres, o Super aurora vai fazer um caf\u00e9 da manh\u00e3 todo especial pra voc\u00eas mulheres guerreiras, m\u00e3es, rainhas e companheiras.<\/p>\n<p><strong>Venha participar deste caf\u00e9 da manh\u00e3 especial a partir das 8 horas MS na pra\u00e7a de alimenta\u00e7\u00e3o do Super Aurora.<\/strong><\/p>\n<p><strong><span style=\"color: #ff0000;\">Ser\u00e1 oferecido um caf\u00e9 da manh\u00e3 completo pra todas as clientes que vierem no Super Aurora nesta data t\u00e3o especial.<\/span><\/strong><\/p>\n<p><strong>Super Aurora, o supermercado da fam\u00edlia e das grandes promo\u00e7\u00f5es.<\/strong><\/p>\n","protected":false},"excerpt":{"rendered":"<p>Cliente e amiga do Super Aurora, nesta ter\u00e7a-feira, 08 de mar\u00e7o, dia internacional das mulheres, o Super aurora vai fazer um caf\u00e9 da manh\u00e3 todo especial pra voc\u00eas mulheres guerreiras, m\u00e3es, rainhas e companheiras. Venha participar deste caf\u00e9 da manh\u00e3 especial a partir das 8 horas MS na pra\u00e7a de alimenta\u00e7\u00e3o do Super Aurora. Ser\u00e1 [&hellip;]<\/p>\n","protected":false},"author":4,"featured_media":22123,"comment_status":"closed","ping_status":"closed","sticky":false,"template":"","format":"standard","meta":{"footnotes":""},"categories":[23,49],"tags":[],"class_list":["post-22122","post","type-post","status-publish","format-standard","has-post-thumbnail","hentry","category-chapadao-do-sul","category-informe-publicitario"],"_links":{"self":[{"href":"https:\/\/www.ocorreionews.com.br\/acervo-correio\/index.php?rest_route=\/wp\/v2\/posts\/22122","targetHints":{"allow":["GET"]}}],"collection":[{"href":"https:\/\/www.ocorreionews.com.br\/acervo-correio\/index.php?rest_route=\/wp\/v2\/posts"}],"about":[{"href":"https:\/\/www.ocorreionews.com.br\/acervo-correio\/index.php?rest_route=\/wp\/v2\/types\/post"}],"author":[{"embeddable":true,"href":"https:\/\/www.ocorreionews.com.br\/acervo-correio\/index.php?rest_route=\/wp\/v2\/users\/4"}],"replies":[{"embeddable":true,"href":"https:\/\/www.ocorreionews.com.br\/acervo-correio\/index.php?rest_route=%2Fwp%2Fv2%2Fcomments&post=22122"}],"version-history":[{"count":0,"href":"https:\/\/www.ocorreionews.com.br\/acervo-correio\/index.php?rest_route=\/wp\/v2\/posts\/22122\/revisions"}],"wp:featuredmedia":[{"embeddable":true,"href":"https:\/\/www.ocorreionews.com.br\/acervo-correio\/index.php?rest_route=\/wp\/v2\/media\/22123"}],"wp:attachment":[{"href":"https:\/\/www.ocorreionews.com.br\/acervo-correio\/index.php?rest_route=%2Fwp%2Fv2%2Fmedia&parent=22122"}],"wp:term":[{"taxonomy":"category","embeddable":true,"href":"https:\/\/www.ocorreionews.com.br\/acervo-correio\/index.php?rest_route=%2Fwp%2Fv2%2Fcategories&post=22122"},{"taxonomy":"post_tag","embeddable":true,"href":"https:\/\/www.ocorreionews.com.br\/acervo-correio\/index.php?rest_route=%2Fwp%2Fv2%2Ftags&post=22122"}],"curies":[{"name":"wp","href":"https:\/\/api.w.org\/{rel}","templated":true}]}}