{"id":22127,"date":"2016-03-08T06:52:38","date_gmt":"2016-03-08T10:52:38","guid":{"rendered":"https:\/\/ocorreionews.com.br\/?p=22127"},"modified":"2016-03-08T06:52:38","modified_gmt":"2016-03-08T10:52:38","slug":"paraiso-das-aguas-prefeito-solicita-a-instalacao-da-umc-do-incra-no-municipio","status":"publish","type":"post","link":"https:\/\/www.ocorreionews.com.br\/acervo-correio\/?p=22127","title":{"rendered":"Para\u00edso das Aguas: Prefeito  solicita a instala\u00e7\u00e3o da UMC do INCRA no munic\u00edpio"},"content":{"rendered":"<p style=\"text-align: justify;\">O Prefeito Municipal de Para\u00edso das \u00c1guas\u00a0 participou de uma reuni\u00e3o com o Superintendente Regional substituto do INCRA &#8211; Instituto Nacional de Coloniza\u00e7\u00e3o e Reforma Agr\u00e1ria, Sidney Ferreira de Almeida, \u00a0para pedir agilidade na implanta\u00e7\u00e3o da Unidade Municipal de Cadastramento &#8211; UMC no munic\u00edpio de Para\u00edso das \u00c1guas, conforme Acordo de Coopera\u00e7\u00e3o T\u00e9cnica assinado em dezembro \u00a0passado, que objetiva\u00a0 a instala\u00e7\u00e3o e funcionamento do Sistema Nacional de Cadastro Rural na prefeitura.<\/p>\n<p style=\"text-align: justify;\">Com a implanta\u00e7\u00e3o da Unidade no munic\u00edpio, todos os propriet\u00e1rios rurais com \u00e1rea at\u00e9 15 m\u00f3dulos rurais ( 600) hectares, poder\u00e3o efetivar na Prefeitura\u00a0 todas \u00a0as atualiza\u00e7\u00f5es e regulariza\u00e7\u00f5es cadastrais dos im\u00f3veis rurais,\u00a0 documento \u00a0obrigat\u00f3rio e indispens\u00e1vel para contrair empr\u00e9stimos e custeios agr\u00edcolas junto \u00e1s Institui\u00e7\u00f5es Banc\u00e1rias Oficiais, Cadastramento na Receia Federal para fins de gera\u00e7\u00e3o do ITR(Imposto Territorial Rural), nas transa\u00e7\u00f5es imobili\u00e1rias, cartoriais e em homologa\u00e7\u00f5es de partilha.<\/p>\n<p style=\"text-align: justify;\">O Sistema de Cadastro Rural ser\u00e1 gerenciado pelo INCRA e ser\u00e1 integrado aos im\u00f3veis declarados na receita. Segundo o \u00f3rg\u00e3o, esse novo sistema permitir\u00e1 maior comodidade aos propriet\u00e1rios rurais, que poder\u00e3o atualizar seus dados via internet.<\/p>\n<p style=\"text-align: justify;\">\n<p style=\"text-align: justify;\">ASSECOM- Prefeitura Municipal de Para\u00edso das \u00c1guas- MS<\/p>\n","protected":false},"excerpt":{"rendered":"<p>O Prefeito Municipal de Para\u00edso das \u00c1guas\u00a0 participou de uma reuni\u00e3o com o Superintendente Regional substituto do INCRA &#8211; Instituto Nacional de Coloniza\u00e7\u00e3o e Reforma Agr\u00e1ria, Sidney Ferreira de Almeida, \u00a0para pedir agilidade na implanta\u00e7\u00e3o da Unidade Municipal de Cadastramento &#8211; UMC no munic\u00edpio de Para\u00edso das \u00c1guas, conforme Acordo de Coopera\u00e7\u00e3o T\u00e9cnica assinado em [&hellip;]<\/p>\n","protected":false},"author":4,"featured_media":15195,"comment_status":"closed","ping_status":"closed","sticky":false,"template":"","format":"standard","meta":{"footnotes":""},"categories":[36],"tags":[],"class_list":["post-22127","post","type-post","status-publish","format-standard","has-post-thumbnail","hentry","category-paraiso-das-aguas"],"_links":{"self":[{"href":"https:\/\/www.ocorreionews.com.br\/acervo-correio\/index.php?rest_route=\/wp\/v2\/posts\/22127","targetHints":{"allow":["GET"]}}],"collection":[{"href":"https:\/\/www.ocorreionews.com.br\/acervo-correio\/index.php?rest_route=\/wp\/v2\/posts"}],"about":[{"href":"https:\/\/www.ocorreionews.com.br\/acervo-correio\/index.php?rest_route=\/wp\/v2\/types\/post"}],"author":[{"embeddable":true,"href":"https:\/\/www.ocorreionews.com.br\/acervo-correio\/index.php?rest_route=\/wp\/v2\/users\/4"}],"replies":[{"embeddable":true,"href":"https:\/\/www.ocorreionews.com.br\/acervo-correio\/index.php?rest_route=%2Fwp%2Fv2%2Fcomments&post=22127"}],"version-history":[{"count":0,"href":"https:\/\/www.ocorreionews.com.br\/acervo-correio\/index.php?rest_route=\/wp\/v2\/posts\/22127\/revisions"}],"wp:featuredmedia":[{"embeddable":true,"href":"https:\/\/www.ocorreionews.com.br\/acervo-correio\/index.php?rest_route=\/wp\/v2\/media\/15195"}],"wp:attachment":[{"href":"https:\/\/www.ocorreionews.com.br\/acervo-correio\/index.php?rest_route=%2Fwp%2Fv2%2Fmedia&parent=22127"}],"wp:term":[{"taxonomy":"category","embeddable":true,"href":"https:\/\/www.ocorreionews.com.br\/acervo-correio\/index.php?rest_route=%2Fwp%2Fv2%2Fcategories&post=22127"},{"taxonomy":"post_tag","embeddable":true,"href":"https:\/\/www.ocorreionews.com.br\/acervo-correio\/index.php?rest_route=%2Fwp%2Fv2%2Ftags&post=22127"}],"curies":[{"name":"wp","href":"https:\/\/api.w.org\/{rel}","templated":true}]}}