{"id":22131,"date":"2016-03-08T06:59:18","date_gmt":"2016-03-08T10:59:18","guid":{"rendered":"https:\/\/ocorreionews.com.br\/?p=22131"},"modified":"2016-03-08T06:59:18","modified_gmt":"2016-03-08T10:59:18","slug":"novilho-precoce-ms-promove-8o-encontro-tecnico-em-bonito-ms","status":"publish","type":"post","link":"https:\/\/www.ocorreionews.com.br\/acervo-correio\/?p=22131","title":{"rendered":"Novilho Precoce MS promove 8\u00ba Encontro T\u00e9cnico em Bonito-MS"},"content":{"rendered":"<p class=\"x_MsoNormal\" style=\"text-align: justify;\">Produ\u00e7\u00e3o de novilho precoce a pasto, sistema intensivo de produ\u00e7\u00e3o e perspectivas do mercado pecu\u00e1rio a longo prazo. Estes s\u00e3o os temas que nortear\u00e3o o 8\u00ba Encontro T\u00e9cnico da Novilho Precoce MS, que acontece de 11 a 13 de mar\u00e7o, em Bonito-MS. O evento reunir\u00e1 cerca de 100 associados e premiar\u00e1 aqueles que se destacaram durante o ano de 2015, realizando abates regulares com alto rendimento.<\/p>\n<p class=\"x_MsoNormal\" style=\"text-align: justify;\">Est\u00e3o confirmadas palestras com renomados profissionais e pesquisadores da \u00e1rea, entre eles Adilson Aguiar, zootecnista e uma das principais refer\u00eancias em pesquisas de pastagens e plantas forrageiras no Brasil e no exterior. O pecuarista mineiro Alaor \u00c1vila Filho comentar\u00e1 a experi\u00eancia conduzida em sua propriedade, onde a suplementa\u00e7\u00e3o intensiva garante uma produ\u00e7\u00e3o de at\u00e9 31 arrobas por hectare ao ano, com uma lota\u00e7\u00e3o de 2,4 cabe\u00e7as por hectare. Para debater o cen\u00e1rio atual e as perspectivas para o mercado do boi gordo, o evento contar\u00e1 com a presen\u00e7a de Rodrigo Albuquerque e Ricardo Heise, Diretores da NF2R Assessoria Agropecu\u00e1ria.<\/p>\n<p class=\"x_MsoNoSpacing\" style=\"text-align: justify;\">\u00a0Confira a programa\u00e7\u00e3o:<\/p>\n<p class=\"x_MsoNoSpacing\" style=\"text-align: justify;\">\u00a0Sexta-feira (11\/03)<\/p>\n<p class=\"x_MsoNoSpacing\" style=\"text-align: justify;\">&#8211; Chegada em Bonito, check in no Hotel e noite livre<\/p>\n<p class=\"x_MsoNoSpacing\" style=\"text-align: justify;\">\u00a0S\u00e1bado (12\/03)<\/p>\n<p class=\"x_MsoNoSpacing\" style=\"text-align: justify;\">8h &#8211; Abertura com <b>Carlos Furlan<\/b>, Presidente da Novilho Precoce MS<\/p>\n<p class=\"x_MsoNoSpacing\" style=\"text-align: justify;\">Balan\u00e7o 2015 e Projetos 2016<\/p>\n<p class=\"x_MsoNoSpacing\" style=\"text-align: justify;\">\u00a08h30 &#8211; <b>Klauss Machareth<\/b>, Superintendente da Novilho Precoce MS<\/p>\n<p class=\"x_MsoNoSpacing\" style=\"text-align: justify;\">Evolu\u00e7\u00e3o t\u00e9cnica dos abates: onde podemos melhorar<\/p>\n<p class=\"x_MsoNoSpacing\" style=\"text-align: justify;\">\u00a09h &#8211; Premia\u00e7\u00e3o Melhores do Ano<\/p>\n<p class=\"x_MsoNoSpacing\" style=\"text-align: justify;\">Categorias: machos e f\u00eameas. Pecuaristas que se destacaram com os abates mais rent\u00e1veis<\/p>\n<p class=\"x_MsoNoSpacing\" style=\"text-align: justify;\">\u00a09h30 &#8211; Palestra <b>Adilson Aguiar<\/b> (Professor das Faculdades Associadas de Uberaba \u2013 FAZU e consultor da Consupec)<\/p>\n<p class=\"x_MsoNoSpacing\" style=\"text-align: justify;\">Tema: Bases t\u00e9cnicas e econ\u00f4micas para a produ\u00e7\u00e3o de novilho precoce a pasto<\/p>\n<p class=\"x_MsoNoSpacing\" style=\"text-align: justify;\">\u00a010h40 &#8211; Intervalo<\/p>\n<p class=\"x_MsoNoSpacing\" style=\"text-align: justify;\">\u00a011h &#8211; Palestra <b>Alaor \u00c1vila Filho<\/b> (psic\u00f3logo e produtor rural, fazenda Panor\u00e2mica do Turvo)<\/p>\n<p class=\"x_MsoNoSpacing\" style=\"text-align: justify;\">Tema: Sistema intensivo com vis\u00e3o panor\u00e2mica<\/p>\n<p class=\"x_MsoNoSpacing\" style=\"text-align: justify;\">\u00a012h &#8211; Palestra <b>Rodrigo Albuquerque e Ricardo Heise<\/b> (Diretores da NF2R Assessoria Agropecu\u00e1ria)<\/p>\n<p class=\"x_MsoNoSpacing\" style=\"text-align: justify;\">Tema: Uma nova forma de analisar o mercado pecu\u00e1rio no curto prazo e as suas perspectivas de longo prazo<\/p>\n<p class=\"x_MsoNoSpacing\" style=\"text-align: justify;\">\u00a013h &#8211; Almo\u00e7o e tarde livre (os associados permanecer\u00e3o em Bonito at\u00e9 o dia 13, com o resto do tempo livre)<\/p>\n<p class=\"x_MsoNormal\" style=\"text-align: justify;\">\u00a0<b>Sobre a Novilho Precoce MS<\/b><\/p>\n<p class=\"x_MsoNormal\" style=\"text-align: justify;\">A Associa\u00e7\u00e3o Sul-Mato-Grossense de Produtores de Novilho Precoce &#8211; ASPNP, sediada em Campo Grande-MS, foi fundada em 1998 por um grupo de pecuaristas com o objetivo de atender a crescente demanda por carne bovina de qualidade comprovada. Desde ent\u00e3o, a ASPNP vem proporcionando aos seus associados melhores condi\u00e7\u00f5es para a negocia\u00e7\u00e3o de seus produtos, mediante o estabelecimento de parcerias com frigor\u00edficos, supermercados e distribuidores, com o compromisso de oferecer produtos de qualidade com regularidade e sustentabilidade.<\/p>\n<p class=\"x_MsoNormal\" style=\"text-align: justify;\">\n","protected":false},"excerpt":{"rendered":"<p>Produ\u00e7\u00e3o de novilho precoce a pasto, sistema intensivo de produ\u00e7\u00e3o e perspectivas do mercado pecu\u00e1rio a longo prazo. Estes s\u00e3o os temas que nortear\u00e3o o 8\u00ba Encontro T\u00e9cnico da Novilho Precoce MS, que acontece de 11 a 13 de mar\u00e7o, em Bonito-MS. O evento reunir\u00e1 cerca de 100 associados e premiar\u00e1 aqueles que se destacaram [&hellip;]<\/p>\n","protected":false},"author":4,"featured_media":22132,"comment_status":"closed","ping_status":"closed","sticky":false,"template":"","format":"standard","meta":{"footnotes":""},"categories":[17],"tags":[],"class_list":["post-22131","post","type-post","status-publish","format-standard","has-post-thumbnail","hentry","category-agropecuaria"],"_links":{"self":[{"href":"https:\/\/www.ocorreionews.com.br\/acervo-correio\/index.php?rest_route=\/wp\/v2\/posts\/22131","targetHints":{"allow":["GET"]}}],"collection":[{"href":"https:\/\/www.ocorreionews.com.br\/acervo-correio\/index.php?rest_route=\/wp\/v2\/posts"}],"about":[{"href":"https:\/\/www.ocorreionews.com.br\/acervo-correio\/index.php?rest_route=\/wp\/v2\/types\/post"}],"author":[{"embeddable":true,"href":"https:\/\/www.ocorreionews.com.br\/acervo-correio\/index.php?rest_route=\/wp\/v2\/users\/4"}],"replies":[{"embeddable":true,"href":"https:\/\/www.ocorreionews.com.br\/acervo-correio\/index.php?rest_route=%2Fwp%2Fv2%2Fcomments&post=22131"}],"version-history":[{"count":0,"href":"https:\/\/www.ocorreionews.com.br\/acervo-correio\/index.php?rest_route=\/wp\/v2\/posts\/22131\/revisions"}],"wp:featuredmedia":[{"embeddable":true,"href":"https:\/\/www.ocorreionews.com.br\/acervo-correio\/index.php?rest_route=\/wp\/v2\/media\/22132"}],"wp:attachment":[{"href":"https:\/\/www.ocorreionews.com.br\/acervo-correio\/index.php?rest_route=%2Fwp%2Fv2%2Fmedia&parent=22131"}],"wp:term":[{"taxonomy":"category","embeddable":true,"href":"https:\/\/www.ocorreionews.com.br\/acervo-correio\/index.php?rest_route=%2Fwp%2Fv2%2Fcategories&post=22131"},{"taxonomy":"post_tag","embeddable":true,"href":"https:\/\/www.ocorreionews.com.br\/acervo-correio\/index.php?rest_route=%2Fwp%2Fv2%2Ftags&post=22131"}],"curies":[{"name":"wp","href":"https:\/\/api.w.org\/{rel}","templated":true}]}}