{"id":22140,"date":"2016-03-08T07:22:58","date_gmt":"2016-03-08T11:22:58","guid":{"rendered":"https:\/\/ocorreionews.com.br\/?p=22140"},"modified":"2016-03-08T07:24:06","modified_gmt":"2016-03-08T11:24:06","slug":"governo-de-costa-rica-entrega-obras-de-ampliacao-e-reforma-da-semed-e-reforma-da-escola-municipal-joaquim-faustino-rosa","status":"publish","type":"post","link":"https:\/\/www.ocorreionews.com.br\/acervo-correio\/?p=22140","title":{"rendered":"Governo de Costa Rica entrega obras de amplia\u00e7\u00e3o e reforma da SEMED e reforma da Escola Municipal Joaquim Faustino Rosa"},"content":{"rendered":"<div class=\"marginBottom30px link-Internas\">\n<p>O Governo de Costa Rica \u2013 MS por meio da SEMED \u2013 Secretaria Municipal de Educa\u00e7\u00e3o &#8211; entregou na manh\u00e3 desta segunda-feira, 07 de mar\u00e7o de 2015, reformas e amplia\u00e7\u00f5es em pr\u00e9dios da educa\u00e7\u00e3o. As obras foram executadas pela ESG Engenharia Projetos e Constru\u00e7\u00f5es Eireli EP, ambas com 100% de Recursos Pr\u00f3prios.<\/p>\n<p>Ap\u00f3s receber as ben\u00e7\u00f5es do padre Wilkson, a primeira obra a ser inaugurada pelo prefeito Waldeli dos Santos Rosa, pela secret\u00e1ria de Educa\u00e7\u00e3o Professora Mestre Manuelina Martins da Silva Arantes Cabral, vereadores e toda a equipe de governo foi a reforma e amplia\u00e7\u00e3o do pr\u00e9dio da SEMED que recebeu R$ 569.215,34 em investimentos.<\/p>\n<p>O presidente da C\u00e2mara Municipal de Vereadores, Averaldo Barbosa da Costa falou em nome da Casa de Leis e parabenizou a a\u00e7\u00e3o do Poder Executivo e elogiou a valoriza\u00e7\u00e3o da educa\u00e7\u00e3o na cidade.<\/p>\n<p>Na ocasi\u00e3o, a secret\u00e1ria e vice-presidente da UNDIME Nacional enfatizou as tantas conquistas que a Administra\u00e7\u00e3o Municipal realizou nos \u00faltimos anos. \u201cEssa reforma e amplia\u00e7\u00e3o melhora a condi\u00e7\u00e3o de trabalho dos funcion\u00e1rios e d\u00e1 \u00e0s outras secretarias espa\u00e7o para utilizarem em capacita\u00e7\u00e3o e reuni\u00f5es. Nossa educa\u00e7\u00e3o tem servido de exemplo para outras cidades do Estado\u201d, explica.<\/p>\n<p><a href=\"https:\/\/ocorreionews.com.br\/wp-content\/uploads\/2016\/03\/costa-rica3.jpg\" rel=\"attachment wp-att-22141\"><img loading=\"lazy\" decoding=\"async\" class=\"alignnone size-medium wp-image-22141\" src=\"https:\/\/ocorreionews.com.br\/wp-content\/uploads\/2016\/03\/costa-rica3-300x249.jpg\" alt=\"costa rica3\" width=\"300\" height=\"249\" srcset=\"https:\/\/www.ocorreionews.com.br\/acervo-correio\/wp-content\/uploads\/2016\/03\/costa-rica3-300x249.jpg 300w, https:\/\/www.ocorreionews.com.br\/acervo-correio\/wp-content\/uploads\/2016\/03\/costa-rica3-768x638.jpg 768w, https:\/\/www.ocorreionews.com.br\/acervo-correio\/wp-content\/uploads\/2016\/03\/costa-rica3.jpg 800w\" sizes=\"auto, (max-width: 300px) 100vw, 300px\" \/><\/a><\/p>\n<p>Depois de descerrar a placa de inaugura\u00e7\u00e3o do pr\u00e9dio da SEMED, as autoridades seguiram para entregar a reforma da Escola Municipal Joaquin Faustino Rosa onde foram investidos R$ 562.185,56, fechando assim um ciclo de reforma em todas as unidades educacionais.<\/p>\n<p>Luciana Helena Viale, m\u00e3e de aluna do 2\u00ba ano, agradeceu ao Governo Municipal e a Secretaria de Educa\u00e7\u00e3o pelas benfeitorias. \u201cA educa\u00e7\u00e3o \u00e9 feita de bons professores, bons gestores e ambientes adequados, que fazem da educa\u00e7\u00e3o de Costa Rica a melhor do Estado\u201d, ressalta.<\/p>\n<p>A diretora da escola, Anirce Marta Silva, deu as boas-vindas aos convidados e parabenizou o prefeito pela excelente gest\u00e3o. Ela ainda agradeceu a participa\u00e7\u00e3o dos pais na educa\u00e7\u00e3o de todos os alunos.<\/p>\n<p>De acordo com Anderson Ortiz Dias, presidente da Associa\u00e7\u00e3o de pais e Mestres, a vida \u00e9 feita de desafios. \u201cEm 2015 a escola Joaquim Faustino Rosa estava entre as 100 melhores do Pa\u00eds, este ano temos o desafio de ficar entra as 10 primeiras\u201d, prop\u00f4s.<\/p>\n<p><a href=\"https:\/\/ocorreionews.com.br\/wp-content\/uploads\/2016\/03\/costa-rica3-1.jpg\" rel=\"attachment wp-att-22143\"><img loading=\"lazy\" decoding=\"async\" class=\"alignnone size-medium wp-image-22143\" src=\"https:\/\/ocorreionews.com.br\/wp-content\/uploads\/2016\/03\/costa-rica3-1-300x249.jpg\" alt=\"costa rica3\" width=\"300\" height=\"249\" srcset=\"https:\/\/www.ocorreionews.com.br\/acervo-correio\/wp-content\/uploads\/2016\/03\/costa-rica3-1-300x249.jpg 300w, https:\/\/www.ocorreionews.com.br\/acervo-correio\/wp-content\/uploads\/2016\/03\/costa-rica3-1-768x638.jpg 768w, https:\/\/www.ocorreionews.com.br\/acervo-correio\/wp-content\/uploads\/2016\/03\/costa-rica3-1.jpg 800w\" sizes=\"auto, (max-width: 300px) 100vw, 300px\" \/><\/a><\/p>\n<p>No decorrer da solenidade, o vereador Jovenaldo Francisco dos Santos, entregou um exemplar do livro \u201cExpress\u00e3o do Meu Ser\u201d de autoria de sua m\u00e3e, Prof\u00aa Romilda C\u00e2ndido dos Santos.<\/p>\n<p>Na oportunidade ainda foram entregues simbolicamente pelo prefeito os kits escolares e uniformes. \u201cPor onde passamos, dizemos que temos uma \u00f3tima qualidade de ensino. Conseguimos concluir a reforma de todas as escolas e Centros de Educa\u00e7\u00e3o Infantil. Tenho certeza que \u00e9 com a Educa\u00e7\u00e3o que vamos melhorar este Pa\u00eds\u201d, salientou o Chefe do Executivo Municipal ao afirmar que a reforma da escola melhora o acolhimento aos alunos e contribui para a melhoria na qualidade do ensino.<\/p>\n<p>\u201cO lema da nossa cidade: \u201cUm novo sonho, uma nova Hist\u00f3ria\u201d, \u00e9 para todos. Todos devem sonhar e construir uma Costa Rica boa de viver\u201d, finalizou o prefeito Waldeli.<\/p>\n<\/div>\n<div class=\"marginBottom30px link-Internas\">ASSECOM\/PMCR<\/div>\n","protected":false},"excerpt":{"rendered":"<p>O Governo de Costa Rica \u2013 MS por meio da SEMED \u2013 Secretaria Municipal de Educa\u00e7\u00e3o &#8211; entregou na manh\u00e3 desta segunda-feira, 07 de mar\u00e7o de 2015, reformas e amplia\u00e7\u00f5es em pr\u00e9dios da educa\u00e7\u00e3o. As obras foram executadas pela ESG Engenharia Projetos e Constru\u00e7\u00f5es Eireli EP, ambas com 100% de Recursos Pr\u00f3prios. Ap\u00f3s receber as [&hellip;]<\/p>\n","protected":false},"author":4,"featured_media":22145,"comment_status":"closed","ping_status":"closed","sticky":false,"template":"","format":"standard","meta":{"footnotes":""},"categories":[25],"tags":[],"class_list":["post-22140","post","type-post","status-publish","format-standard","has-post-thumbnail","hentry","category-costa-rica"],"_links":{"self":[{"href":"https:\/\/www.ocorreionews.com.br\/acervo-correio\/index.php?rest_route=\/wp\/v2\/posts\/22140","targetHints":{"allow":["GET"]}}],"collection":[{"href":"https:\/\/www.ocorreionews.com.br\/acervo-correio\/index.php?rest_route=\/wp\/v2\/posts"}],"about":[{"href":"https:\/\/www.ocorreionews.com.br\/acervo-correio\/index.php?rest_route=\/wp\/v2\/types\/post"}],"author":[{"embeddable":true,"href":"https:\/\/www.ocorreionews.com.br\/acervo-correio\/index.php?rest_route=\/wp\/v2\/users\/4"}],"replies":[{"embeddable":true,"href":"https:\/\/www.ocorreionews.com.br\/acervo-correio\/index.php?rest_route=%2Fwp%2Fv2%2Fcomments&post=22140"}],"version-history":[{"count":0,"href":"https:\/\/www.ocorreionews.com.br\/acervo-correio\/index.php?rest_route=\/wp\/v2\/posts\/22140\/revisions"}],"wp:featuredmedia":[{"embeddable":true,"href":"https:\/\/www.ocorreionews.com.br\/acervo-correio\/index.php?rest_route=\/wp\/v2\/media\/22145"}],"wp:attachment":[{"href":"https:\/\/www.ocorreionews.com.br\/acervo-correio\/index.php?rest_route=%2Fwp%2Fv2%2Fmedia&parent=22140"}],"wp:term":[{"taxonomy":"category","embeddable":true,"href":"https:\/\/www.ocorreionews.com.br\/acervo-correio\/index.php?rest_route=%2Fwp%2Fv2%2Fcategories&post=22140"},{"taxonomy":"post_tag","embeddable":true,"href":"https:\/\/www.ocorreionews.com.br\/acervo-correio\/index.php?rest_route=%2Fwp%2Fv2%2Ftags&post=22140"}],"curies":[{"name":"wp","href":"https:\/\/api.w.org\/{rel}","templated":true}]}}