{"id":22150,"date":"2016-03-08T07:40:53","date_gmt":"2016-03-08T11:40:53","guid":{"rendered":"https:\/\/ocorreionews.com.br\/?p=22150"},"modified":"2016-03-08T07:40:53","modified_gmt":"2016-03-08T11:40:53","slug":"chap-do-ceu-aniversariantes-do-centro-de-idosos-receberam-festa","status":"publish","type":"post","link":"https:\/\/www.ocorreionews.com.br\/acervo-correio\/?p=22150","title":{"rendered":"Chap. do C\u00e9u: Aniversariantes do Centro de Idosos receberam festa"},"content":{"rendered":"<p>O Centro de idoso realizou na \u00faltima sexta-feira uma festa para comemorar os anivers\u00e1rios, das integrantes do Centro de Idosos. Na oportunidade, a primeira Dama, N\u00e1dia Pianezzola, juntamente com a Secretaria de Administra\u00e7\u00e3o Edil\u00e9ia David, da Secret\u00e1ria de Assist\u00eancia Social Ver\u00f4nica Savatin, realizaram a entrega de um presente simb\u00f3lico as aniversariantes.<\/p>\n<p>Para comemorarem foi servido v\u00e1rios quitutes, al\u00e9m de receberem uma caneca especial.<\/p>\n<p><a href=\"https:\/\/ocorreionews.com.br\/wp-content\/uploads\/2016\/03\/CEU66.jpg\" rel=\"attachment wp-att-22152\"><img loading=\"lazy\" decoding=\"async\" class=\"alignnone size-medium wp-image-22152\" src=\"https:\/\/ocorreionews.com.br\/wp-content\/uploads\/2016\/03\/CEU66-300x200.jpg\" alt=\"CEU66\" width=\"300\" height=\"200\" srcset=\"https:\/\/www.ocorreionews.com.br\/acervo-correio\/wp-content\/uploads\/2016\/03\/CEU66-300x200.jpg 300w, https:\/\/www.ocorreionews.com.br\/acervo-correio\/wp-content\/uploads\/2016\/03\/CEU66.jpg 685w\" sizes=\"auto, (max-width: 300px) 100vw, 300px\" \/><\/a><\/p>\n","protected":false},"excerpt":{"rendered":"<p>O Centro de idoso realizou na \u00faltima sexta-feira uma festa para comemorar os anivers\u00e1rios, das integrantes do Centro de Idosos. Na oportunidade, a primeira Dama, N\u00e1dia Pianezzola, juntamente com a Secretaria de Administra\u00e7\u00e3o Edil\u00e9ia David, da Secret\u00e1ria de Assist\u00eancia Social Ver\u00f4nica Savatin, realizaram a entrega de um presente simb\u00f3lico as aniversariantes. Para comemorarem foi servido [&hellip;]<\/p>\n","protected":false},"author":4,"featured_media":22151,"comment_status":"closed","ping_status":"closed","sticky":false,"template":"","format":"standard","meta":{"footnotes":""},"categories":[22],"tags":[],"class_list":["post-22150","post","type-post","status-publish","format-standard","has-post-thumbnail","hentry","category-chapadao-do-ceu"],"_links":{"self":[{"href":"https:\/\/www.ocorreionews.com.br\/acervo-correio\/index.php?rest_route=\/wp\/v2\/posts\/22150","targetHints":{"allow":["GET"]}}],"collection":[{"href":"https:\/\/www.ocorreionews.com.br\/acervo-correio\/index.php?rest_route=\/wp\/v2\/posts"}],"about":[{"href":"https:\/\/www.ocorreionews.com.br\/acervo-correio\/index.php?rest_route=\/wp\/v2\/types\/post"}],"author":[{"embeddable":true,"href":"https:\/\/www.ocorreionews.com.br\/acervo-correio\/index.php?rest_route=\/wp\/v2\/users\/4"}],"replies":[{"embeddable":true,"href":"https:\/\/www.ocorreionews.com.br\/acervo-correio\/index.php?rest_route=%2Fwp%2Fv2%2Fcomments&post=22150"}],"version-history":[{"count":0,"href":"https:\/\/www.ocorreionews.com.br\/acervo-correio\/index.php?rest_route=\/wp\/v2\/posts\/22150\/revisions"}],"wp:featuredmedia":[{"embeddable":true,"href":"https:\/\/www.ocorreionews.com.br\/acervo-correio\/index.php?rest_route=\/wp\/v2\/media\/22151"}],"wp:attachment":[{"href":"https:\/\/www.ocorreionews.com.br\/acervo-correio\/index.php?rest_route=%2Fwp%2Fv2%2Fmedia&parent=22150"}],"wp:term":[{"taxonomy":"category","embeddable":true,"href":"https:\/\/www.ocorreionews.com.br\/acervo-correio\/index.php?rest_route=%2Fwp%2Fv2%2Fcategories&post=22150"},{"taxonomy":"post_tag","embeddable":true,"href":"https:\/\/www.ocorreionews.com.br\/acervo-correio\/index.php?rest_route=%2Fwp%2Fv2%2Ftags&post=22150"}],"curies":[{"name":"wp","href":"https:\/\/api.w.org\/{rel}","templated":true}]}}