{"id":222219,"date":"2022-11-06T07:37:07","date_gmt":"2022-11-06T11:37:07","guid":{"rendered":"https:\/\/www.ocorreionews.com.br\/acervo-correio\/?p=222219"},"modified":"2022-11-06T07:37:07","modified_gmt":"2022-11-06T11:37:07","slug":"abertura-do-2o-torneio-municipal-de-volei-de-areia-foi-um-sucesso","status":"publish","type":"post","link":"https:\/\/www.ocorreionews.com.br\/acervo-correio\/?p=222219","title":{"rendered":"Abertura do 2\u00ba Torneio Municipal de V\u00f4lei de Areia foi um sucesso"},"content":{"rendered":"<p>O esporte continua sendo um dos seguimentos muito bem desenvolvido na gest\u00e3o do prefeito Dalmy Cris\u00f3stomo. Dentre tantas das a\u00e7\u00f5es ao longo desses anos de administra\u00e7\u00e3o, essa semana est\u00e1 acontecendo 2\u00aa Campeonato de Futebol Society e a abertura do 2\u00b0 Torneio Municipal de V\u00f4lei de Areia, na quadra da Pra\u00e7a Jo\u00e3o Leite Schimidt, uma promo\u00e7\u00e3o da Prefeitura Municipal, atrav\u00e9s da Secretaria Municipal de Educa\u00e7\u00e3o, Cultura e Desporto.<\/p>\n<h3><img decoding=\"async\" src=\"https:\/\/regionalms.com.br\/conteudo\/regionalms\/upp\/articles\/2022-08\/Dji_0795.jpg\" alt=\"\" width=\"100%\" \/><\/h3>\n<p>Abertura do Torneio foi um sucesso e reuniu 07 duplas entre os naipes masculino e feminino.<\/p>\n<p><a href=\"https:\/\/regionalms.com.br\/2-torneio-municipal-de-volei-de-praia,4,4,313238,photos.html?source=regional&amp;zone=index\"><strong>CLIQUE AQUI:<\/strong><\/a> Veja os flagrantes \u201cfotos\u201d do evento!!<\/p>\n<p><strong>Confira a classifica\u00e7\u00e3o da categoria<\/strong><\/p>\n<p><strong>Naipe masculino.<\/strong><\/p>\n<p>Equipe &#8211; Jonathan\/Fernando.<\/p>\n<p>Equipe &#8211; Rodrigo\/Reinaldo.<\/p>\n<p>Equipe &#8211; Arthur\/Adryel.<\/p>\n<p>Equipe &#8211; Dener\/Cabelinho.<\/p>\n<p><strong>Dia 06\/11 <\/strong>\u2013 Domingo, o torneio inicia as 15:00 horas.<\/p>\n<p>Veja as equipes que ir\u00e3o jogar.<\/p>\n<p><strong>Feminino<\/strong><\/p>\n<p>Equipes &#8211;\u00a0 Kelly\/Paula Evelyn\/\u00c9rica X Naymili\/Camila Souza\/Leandra.<\/p>\n<p>Equipes &#8211; Ana Cecilia\/Josimara\/Tatiane X Josiane\/Natasha\/Paula Amorim.<\/p>\n<p>Equipes &#8211; Aline Souza\/Rosiane\/T\u00e2nia X Naymili\/Camila Souza\/Leandra.<\/p>\n<p>Equipes &#8211;\u00a0 Datieli\/Camila Silva\/Fabiane X Ana Cecilia\/Josimara\/Tatiane.<\/p>\n<p><strong>Masculino<\/strong><\/p>\n<p>Equipes &#8211;\u00a0 Jonathan\/Fernando X Rodrigo\/Reinaldo.<\/p>\n<p>Equipes &#8211;\u00a0 Arthur\/Adryel X Dener\/Cabelinho.<\/p>\n<p><strong>Equipe classificada para SemiFinais (Masculino).<\/strong><\/p>\n<p>Equipe &#8211; Marcilei\/Gustavo<\/p>\n<p>Regionalms<\/p>\n","protected":false},"excerpt":{"rendered":"<p>O esporte continua sendo um dos seguimentos muito bem desenvolvido na gest\u00e3o do prefeito Dalmy Cris\u00f3stomo. Dentre tantas das a\u00e7\u00f5es ao longo desses anos de administra\u00e7\u00e3o, essa semana est\u00e1 acontecendo 2\u00aa Campeonato de Futebol Society e a abertura do 2\u00b0 Torneio Municipal de V\u00f4lei de Areia, na quadra da Pra\u00e7a Jo\u00e3o Leite Schimidt, uma promo\u00e7\u00e3o [&hellip;]<\/p>\n","protected":false},"author":4,"featured_media":222220,"comment_status":"closed","ping_status":"closed","sticky":false,"template":"","format":"standard","meta":{"footnotes":""},"categories":[18,41,29],"tags":[],"class_list":["post-222219","post","type-post","status-publish","format-standard","has-post-thumbnail","hentry","category-alcinopolis","category-destaque","category-esporte"],"_links":{"self":[{"href":"https:\/\/www.ocorreionews.com.br\/acervo-correio\/index.php?rest_route=\/wp\/v2\/posts\/222219","targetHints":{"allow":["GET"]}}],"collection":[{"href":"https:\/\/www.ocorreionews.com.br\/acervo-correio\/index.php?rest_route=\/wp\/v2\/posts"}],"about":[{"href":"https:\/\/www.ocorreionews.com.br\/acervo-correio\/index.php?rest_route=\/wp\/v2\/types\/post"}],"author":[{"embeddable":true,"href":"https:\/\/www.ocorreionews.com.br\/acervo-correio\/index.php?rest_route=\/wp\/v2\/users\/4"}],"replies":[{"embeddable":true,"href":"https:\/\/www.ocorreionews.com.br\/acervo-correio\/index.php?rest_route=%2Fwp%2Fv2%2Fcomments&post=222219"}],"version-history":[{"count":1,"href":"https:\/\/www.ocorreionews.com.br\/acervo-correio\/index.php?rest_route=\/wp\/v2\/posts\/222219\/revisions"}],"predecessor-version":[{"id":222221,"href":"https:\/\/www.ocorreionews.com.br\/acervo-correio\/index.php?rest_route=\/wp\/v2\/posts\/222219\/revisions\/222221"}],"wp:featuredmedia":[{"embeddable":true,"href":"https:\/\/www.ocorreionews.com.br\/acervo-correio\/index.php?rest_route=\/wp\/v2\/media\/222220"}],"wp:attachment":[{"href":"https:\/\/www.ocorreionews.com.br\/acervo-correio\/index.php?rest_route=%2Fwp%2Fv2%2Fmedia&parent=222219"}],"wp:term":[{"taxonomy":"category","embeddable":true,"href":"https:\/\/www.ocorreionews.com.br\/acervo-correio\/index.php?rest_route=%2Fwp%2Fv2%2Fcategories&post=222219"},{"taxonomy":"post_tag","embeddable":true,"href":"https:\/\/www.ocorreionews.com.br\/acervo-correio\/index.php?rest_route=%2Fwp%2Fv2%2Ftags&post=222219"}],"curies":[{"name":"wp","href":"https:\/\/api.w.org\/{rel}","templated":true}]}}