{"id":222226,"date":"2022-11-06T11:12:57","date_gmt":"2022-11-06T15:12:57","guid":{"rendered":"https:\/\/www.ocorreionews.com.br\/acervo-correio\/?p=222226"},"modified":"2022-11-07T08:15:55","modified_gmt":"2022-11-07T12:15:55","slug":"rodovia-ms-306-que-passa-no-meio-de-chapadao-do-sul-ira-contornar-a-cidade","status":"publish","type":"post","link":"https:\/\/www.ocorreionews.com.br\/acervo-correio\/?p=222226","title":{"rendered":"Rodovia MS-306 que passa no meio de Chapad\u00e3o do Sul ir\u00e1 contornar a cidade"},"content":{"rendered":"<p>O projeto de implanta\u00e7\u00e3o de um contorno vi\u00e1rio que vai tirar o tr\u00e1fego pesado da MS-306 do centro de Chapad\u00e3o do Sul teve um passo importante nesta sexta-feira (4\/11), com a assinatura do Primeiro Aditivo ao Contrato de Concess\u00e3o, assinado entre a concession\u00e1ria Way 306 e o Estado de Mato Grosso do Sul, por meio da Secretaria de Infraestrutura e a Ag\u00eancia Estadual de Regula\u00e7\u00e3o de Servi\u00e7os P\u00fablicos (AGEMS).<\/p>\n<p><a href=\"https:\/\/www.ocorreionews.com.br\/acervo-correio\/wp-content\/uploads\/2022\/03\/travessia-urbana-da-ms-306.jpg\"><img loading=\"lazy\" decoding=\"async\" class=\"alignnone size-full wp-image-202075\" src=\"https:\/\/www.ocorreionews.com.br\/acervo-correio\/wp-content\/uploads\/2022\/03\/travessia-urbana-da-ms-306.jpg\" alt=\"Projeto da futura travessia urbana em Chapad\u00e3o do Sul \" width=\"1366\" height=\"768\" srcset=\"https:\/\/www.ocorreionews.com.br\/acervo-correio\/wp-content\/uploads\/2022\/03\/travessia-urbana-da-ms-306.jpg 1366w, https:\/\/www.ocorreionews.com.br\/acervo-correio\/wp-content\/uploads\/2022\/03\/travessia-urbana-da-ms-306-300x169.jpg 300w, https:\/\/www.ocorreionews.com.br\/acervo-correio\/wp-content\/uploads\/2022\/03\/travessia-urbana-da-ms-306-1024x576.jpg 1024w, https:\/\/www.ocorreionews.com.br\/acervo-correio\/wp-content\/uploads\/2022\/03\/travessia-urbana-da-ms-306-768x432.jpg 768w\" sizes=\"auto, (max-width: 1366px) 100vw, 1366px\" \/><\/a><\/p>\n<p>A aprova\u00e7\u00e3o para alterar o tra\u00e7ado original da via aconteceu ap\u00f3s an\u00e1lise t\u00e9cnica da AGEMS e o recebimento de contribui\u00e7\u00f5es em consulta p\u00fablica que deu transpar\u00eancia \u00e0 discuss\u00e3o. Chapad\u00e3o do Sul tem cerca de 27 mil habitantes, segundo estimativas de 2021, e \u00e9 cortada ao meio pela MS-306.<\/p>\n<p><img loading=\"lazy\" decoding=\"async\" class=\"shrinkToFit\" src=\"https:\/\/www.agems.ms.gov.br\/wp-content\/webpc-passthru.php?src=https:\/\/www.agems.ms.gov.br\/wp-content\/uploads\/2022\/03\/Audiencia-Publica-geral.jpg&amp;nocache=1\" alt=\"https:\/\/www.agems.ms.gov.br\/wp-content\/webpc-passthru.php?src=https:\/\/www.agems.ms.gov.br\/wp-content\/uploads\/2022\/03\/Audiencia-Publica-geral.jpg&amp;nocache=1\" width=\"921\" height=\"615\" \/><\/p>\n<div id=\"attachment_13140\" class=\"wp-caption aligncenter\">\n<p id=\"caption-attachment-13140\" class=\"wp-caption-text\">Audi\u00eancia P\u00fablica &#8211; Contorno Vi\u00e1rio Chapad\u00e3o do Sul 24\/3\/22<\/p>\n<\/div>\n<p>\u201cS\u00e3o adequa\u00e7\u00f5es para dar mais seguran\u00e7a para todos os que utilizam a estrada e para quem mora na cidade\u201d, explica o diretor-presidente da AGEMS, Carlos Alberto de Assis. \u201cEssa \u00e9 uma regi\u00e3o de tr\u00e2nsito pesado de cargas, n\u00e3o s\u00f3 de Mato Grosso do Sul, mas do Norte e Centro-Oeste do Brasil. O contorno melhora a mobilidade, moderniza a estrutura vi\u00e1ria e diminui muito os riscos de acidente\u201d.<\/p>\n<p>Carlos Alberto recebeu para assinatura do Aditivo o presidente da Way 306, Paulo Nunes Lopes e o Gerente de Opera\u00e7\u00f5es e Conserva\u00e7\u00e3o, Marcelo Ceccarelli Barbosa. Tamb\u00e9m participaram o diretor de Rodovias da AGEMS, Matias Gonsales Soares; a diretora de Inova\u00e7\u00e3o e Rela\u00e7\u00f5es Institucionais, Rejane Monteiro; e o coordenador da C\u00e2mara T\u00e9cnica de Rodovias, Edson Delgado.<\/p>\n<p><a href=\"https:\/\/www.ocorreionews.com.br\/acervo-correio\/wp-content\/uploads\/2022\/11\/webpc-passthru.webp\"><img loading=\"lazy\" decoding=\"async\" class=\"alignnone size-full wp-image-222227\" src=\"https:\/\/www.ocorreionews.com.br\/acervo-correio\/wp-content\/uploads\/2022\/11\/webpc-passthru.webp\" alt=\"\" width=\"728\" height=\"484\" srcset=\"https:\/\/www.ocorreionews.com.br\/acervo-correio\/wp-content\/uploads\/2022\/11\/webpc-passthru.webp 728w, https:\/\/www.ocorreionews.com.br\/acervo-correio\/wp-content\/uploads\/2022\/11\/webpc-passthru-300x199.webp 300w\" sizes=\"auto, (max-width: 728px) 100vw, 728px\" \/><\/a><\/p>\n<p><strong>Seguran\u00e7a urbana e modernidade rodovi\u00e1ria<\/strong><\/p>\n<p>Pelo ajuste contratual, a concession\u00e1ria fica desobrigada da responsabilidade das obras de adequa\u00e7\u00e3o e melhorias na travessia urbana em um trecho de 6,2 quil\u00f4metros, que ser\u00e3o transferidos para a Prefeitura. No local, o munic\u00edpio j\u00e1 divulgou que ir\u00e1 implantar um parque linear com diversos atrativos para a popula\u00e7\u00e3o.<\/p>\n<p>Ao mesmo tempo, a Way 306 se responsabiliza pela implanta\u00e7\u00e3o do Contorno, que vai desviar o tr\u00e2nsito a partir do entroncamento com a BR-060, margear a via f\u00e9rrea e novamente se interligar ao tra\u00e7ado da MS-306 alguns quil\u00f4metros adiante. A conserva\u00e7\u00e3o do trecho urbano vai ser mantida at\u00e9 o in\u00edcio da opera\u00e7\u00e3o do anel vi\u00e1rio.<\/p>\n<p>A AGEMS e o Escrit\u00f3rio de Parcerias Estrat\u00e9gicas (EPE) cuidar\u00e3o de obter da Uni\u00e3o a delega\u00e7\u00e3o de trecho de 2,4 quil\u00f4metros da BR-060 que vai servir de liga\u00e7\u00e3o do entroncamento at\u00e9 o ponto onde come\u00e7a o novo tra\u00e7ado a ser implantado.<\/p>\n<p>*<i><strong>Gizele Oliveira, GEMS<\/strong><\/i><\/p>\n","protected":false},"excerpt":{"rendered":"<p>O projeto de implanta\u00e7\u00e3o de um contorno vi\u00e1rio que vai tirar o tr\u00e1fego pesado da MS-306 do centro de Chapad\u00e3o do Sul teve um passo importante nesta sexta-feira (4\/11), com a assinatura do Primeiro Aditivo ao Contrato de Concess\u00e3o, assinado entre a concession\u00e1ria Way 306 e o Estado de Mato Grosso do Sul, por meio [&hellip;]<\/p>\n","protected":false},"author":5,"featured_media":102278,"comment_status":"closed","ping_status":"closed","sticky":false,"template":"","format":"standard","meta":{"footnotes":""},"categories":[23,41],"tags":[],"class_list":["post-222226","post","type-post","status-publish","format-standard","has-post-thumbnail","hentry","category-chapadao-do-sul","category-destaque"],"_links":{"self":[{"href":"https:\/\/www.ocorreionews.com.br\/acervo-correio\/index.php?rest_route=\/wp\/v2\/posts\/222226","targetHints":{"allow":["GET"]}}],"collection":[{"href":"https:\/\/www.ocorreionews.com.br\/acervo-correio\/index.php?rest_route=\/wp\/v2\/posts"}],"about":[{"href":"https:\/\/www.ocorreionews.com.br\/acervo-correio\/index.php?rest_route=\/wp\/v2\/types\/post"}],"author":[{"embeddable":true,"href":"https:\/\/www.ocorreionews.com.br\/acervo-correio\/index.php?rest_route=\/wp\/v2\/users\/5"}],"replies":[{"embeddable":true,"href":"https:\/\/www.ocorreionews.com.br\/acervo-correio\/index.php?rest_route=%2Fwp%2Fv2%2Fcomments&post=222226"}],"version-history":[{"count":1,"href":"https:\/\/www.ocorreionews.com.br\/acervo-correio\/index.php?rest_route=\/wp\/v2\/posts\/222226\/revisions"}],"predecessor-version":[{"id":222252,"href":"https:\/\/www.ocorreionews.com.br\/acervo-correio\/index.php?rest_route=\/wp\/v2\/posts\/222226\/revisions\/222252"}],"wp:featuredmedia":[{"embeddable":true,"href":"https:\/\/www.ocorreionews.com.br\/acervo-correio\/index.php?rest_route=\/wp\/v2\/media\/102278"}],"wp:attachment":[{"href":"https:\/\/www.ocorreionews.com.br\/acervo-correio\/index.php?rest_route=%2Fwp%2Fv2%2Fmedia&parent=222226"}],"wp:term":[{"taxonomy":"category","embeddable":true,"href":"https:\/\/www.ocorreionews.com.br\/acervo-correio\/index.php?rest_route=%2Fwp%2Fv2%2Fcategories&post=222226"},{"taxonomy":"post_tag","embeddable":true,"href":"https:\/\/www.ocorreionews.com.br\/acervo-correio\/index.php?rest_route=%2Fwp%2Fv2%2Ftags&post=222226"}],"curies":[{"name":"wp","href":"https:\/\/api.w.org\/{rel}","templated":true}]}}