{"id":22300,"date":"2016-03-10T07:07:12","date_gmt":"2016-03-10T11:07:12","guid":{"rendered":"https:\/\/ocorreionews.com.br\/?p=22300"},"modified":"2016-03-10T07:07:12","modified_gmt":"2016-03-10T11:07:12","slug":"manifestacao-contra-governo-dilma-esta-confirmada-em-chapadao-do-sul-protesto-comeca-na-praca-de-eventos-na-manha-do-dia-13","status":"publish","type":"post","link":"https:\/\/www.ocorreionews.com.br\/acervo-correio\/?p=22300","title":{"rendered":"MANIFESTA\u00c7\u00c3O contra &#8216;Governo Dilma&#8217; est\u00e1 confirmada em Chapad\u00e3o do Sul. Protesto come\u00e7a na Pra\u00e7a de Eventos na manh\u00e3 do dia 13"},"content":{"rendered":"<p style=\"text-align: justify;\">Chapad\u00e3o do Sul n\u00e3o ficar\u00e1 de fora da \u201cmega manifesta\u00e7\u00e3o\u201d que ser\u00e1 realizada em\u00a0 praticamente todas as cidades brasileiras no dia 13 de mar\u00e7o em protesto contra a corrup\u00e7\u00e3o e pelo impeachment da presidente Dilma. O protesto ter\u00e1 in\u00edcio \u00e0s 8 horas (MS) com sa\u00edda na Pra\u00e7a de Eventos, na\u00a0 frente da Igreja da Matriz. Representantes de v\u00e1rios setores da sociedade se reuniram nesta quarta-feira na sede da Casa Ma\u00e7\u00f4nica Edificadores da Paz. Na sexta-feira est\u00e1 marcada uma entrevista da r\u00e1dio local para convidar a popula\u00e7\u00e3o. Os organizadores est\u00e3o cuidando de detalhes como a compra de faixa, contrata\u00e7\u00e3o de carro de som\u00a0 e da mobiliza\u00e7\u00e3o da popula\u00e7\u00e3o.<\/p>\n<p style=\"text-align: justify;\"><strong>DIA HIST\u00d3RICO<\/strong> &#8211; nas redes sociais, a divulga\u00e7\u00e3o do evento pelo Brasil destaca que este &#8220;ser\u00e1 um dia que valer\u00e1 por anos&#8221;. \u00a0Em meio a crise pol\u00edtica e financeira que o pa\u00eds atravessa, os organizadores dos protestos defendem que a luta \u00e9 &#8220;pela democracia, pela \u00e9tica na pol\u00edtica e contra a corrup\u00e7\u00e3o&#8221;. \u00a0O Pais est\u00e1 dividido entre governistas e opositores num \u00a0Brasil que chegou ao fundo do po\u00e7o marcado pela corrup\u00e7\u00e3o \u00a0institucional.<\/p>\n<p style=\"text-align: justify;\">Chapadensenews<\/p>\n","protected":false},"excerpt":{"rendered":"<p>Chapad\u00e3o do Sul n\u00e3o ficar\u00e1 de fora da \u201cmega manifesta\u00e7\u00e3o\u201d que ser\u00e1 realizada em\u00a0 praticamente todas as cidades brasileiras no dia 13 de mar\u00e7o em protesto contra a corrup\u00e7\u00e3o e pelo impeachment da presidente Dilma. O protesto ter\u00e1 in\u00edcio \u00e0s 8 horas (MS) com sa\u00edda na Pra\u00e7a de Eventos, na\u00a0 frente da Igreja da Matriz. [&hellip;]<\/p>\n","protected":false},"author":4,"featured_media":22302,"comment_status":"closed","ping_status":"closed","sticky":false,"template":"","format":"standard","meta":{"footnotes":""},"categories":[23],"tags":[],"class_list":["post-22300","post","type-post","status-publish","format-standard","has-post-thumbnail","hentry","category-chapadao-do-sul"],"_links":{"self":[{"href":"https:\/\/www.ocorreionews.com.br\/acervo-correio\/index.php?rest_route=\/wp\/v2\/posts\/22300","targetHints":{"allow":["GET"]}}],"collection":[{"href":"https:\/\/www.ocorreionews.com.br\/acervo-correio\/index.php?rest_route=\/wp\/v2\/posts"}],"about":[{"href":"https:\/\/www.ocorreionews.com.br\/acervo-correio\/index.php?rest_route=\/wp\/v2\/types\/post"}],"author":[{"embeddable":true,"href":"https:\/\/www.ocorreionews.com.br\/acervo-correio\/index.php?rest_route=\/wp\/v2\/users\/4"}],"replies":[{"embeddable":true,"href":"https:\/\/www.ocorreionews.com.br\/acervo-correio\/index.php?rest_route=%2Fwp%2Fv2%2Fcomments&post=22300"}],"version-history":[{"count":0,"href":"https:\/\/www.ocorreionews.com.br\/acervo-correio\/index.php?rest_route=\/wp\/v2\/posts\/22300\/revisions"}],"wp:featuredmedia":[{"embeddable":true,"href":"https:\/\/www.ocorreionews.com.br\/acervo-correio\/index.php?rest_route=\/wp\/v2\/media\/22302"}],"wp:attachment":[{"href":"https:\/\/www.ocorreionews.com.br\/acervo-correio\/index.php?rest_route=%2Fwp%2Fv2%2Fmedia&parent=22300"}],"wp:term":[{"taxonomy":"category","embeddable":true,"href":"https:\/\/www.ocorreionews.com.br\/acervo-correio\/index.php?rest_route=%2Fwp%2Fv2%2Fcategories&post=22300"},{"taxonomy":"post_tag","embeddable":true,"href":"https:\/\/www.ocorreionews.com.br\/acervo-correio\/index.php?rest_route=%2Fwp%2Fv2%2Ftags&post=22300"}],"curies":[{"name":"wp","href":"https:\/\/api.w.org\/{rel}","templated":true}]}}