{"id":227188,"date":"2023-01-03T09:46:03","date_gmt":"2023-01-03T13:46:03","guid":{"rendered":"https:\/\/www.ocorreionews.com.br\/acervo-correio\/?p=227188"},"modified":"2023-01-03T09:46:03","modified_gmt":"2023-01-03T13:46:03","slug":"prefeitura-de-paraiso-das-aguas-volta-de-recesso-com-cafe-da-manha-com-servidores-da-assistencia-social-e-falando-de-projetos-para-2023","status":"publish","type":"post","link":"https:\/\/www.ocorreionews.com.br\/acervo-correio\/?p=227188","title":{"rendered":"Prefeitura de Para\u00edso das \u00c1guas volta de recesso com caf\u00e9 da manh\u00e3 com servidores da Assist\u00eancia Social e falando de projetos para 2023"},"content":{"rendered":"<p>O prefeito municipal de Para\u00edso das \u00c1guas, An\u00edzio Sobrinho de Andrade (PP), ao lado do vice-prefeito Roberto Carlos da Silva (PSDB), do chefe de Gabinete, Adriano Dias Agostinho, da secret\u00e1ria municipal de Assist\u00eancia Social, Habita\u00e7\u00e3o e Cidadania, Rozilda Pereira da Silva, participaram de um delicioso caf\u00e9 da manh\u00e3, nesta ter\u00e7a-feira (3), quando o Executivo Municipal retorna do recesso.<\/p>\n<p>O caf\u00e9 foi preparado pela Assist\u00eancia Social, com todos os servidores da pasta. O prefeito An\u00edzio Andrade, assim como as autoridades presentes, cumprimentaram aos servidores e em nome deles, saudaram todos os servidores p\u00fablicos do munic\u00edpio, que comp\u00f5e todas as pastas: sa\u00fade, educa\u00e7\u00e3o, infraestrutura, desenvolvimento e administra\u00e7\u00e3o.<\/p>\n<p>Na abertura dos trabalhos do 3\u00ba ano da gest\u00e3o Daqui Pra Melhor, a ora\u00e7\u00e3o do Pai Nosso, rogando a Deus as b\u00ean\u00e7\u00e3os e prote\u00e7\u00e3o para o novo ano.<\/p>\n<p><img decoding=\"async\" class=\"note-float-right\" src=\"https:\/\/www.bncnoticias.com.br\/arquivos\/img-uploads\/imagem_39.jpeg\" \/><\/p>\n<p>An\u00edzio Andrade falou dos projetos, a\u00e7\u00f5es e obras no planejamento deste ano, como citou a constru\u00e7\u00e3o do novo pr\u00e9dio do Mercado do Produtor Rural, constru\u00e7\u00e3o do pr\u00e9dio do Servi\u00e7o de Conviv\u00eancia e Fortalecimento de V\u00ednculos e eventos, da conclus\u00e3o do sistema de esgotamento sanit\u00e1rio, dentre outras obras e a\u00e7\u00f5es importantes que est\u00e3o para serem desenvolvidos no munic\u00edpio.<\/p>\n<p>O prefeito tamb\u00e9m fez quest\u00e3o de citar a necessidade da continuidade na qualidade dos servi\u00e7os p\u00fablicos, atendimento de refer\u00eancia aos cidad\u00e3os. &#8220;Precisamos continuar atendendo nossa popula\u00e7\u00e3o com respeito, \u00e9tica, compromisso, trabalho s\u00e9rio e atendimento p\u00fablico de qualidade&#8221;, destacou.<\/p>\n<p>&nbsp;<\/p>\n<p>*Fernando Brito, BNC Noticias<\/p>\n","protected":false},"excerpt":{"rendered":"<p>O prefeito municipal de Para\u00edso das \u00c1guas, An\u00edzio Sobrinho de Andrade (PP), ao lado do vice-prefeito Roberto Carlos da Silva (PSDB), do chefe de Gabinete, Adriano Dias Agostinho, da secret\u00e1ria municipal de Assist\u00eancia Social, Habita\u00e7\u00e3o e Cidadania, Rozilda Pereira da Silva, participaram de um delicioso caf\u00e9 da manh\u00e3, nesta ter\u00e7a-feira (3), quando o Executivo Municipal [&hellip;]<\/p>\n","protected":false},"author":5,"featured_media":227189,"comment_status":"closed","ping_status":"closed","sticky":false,"template":"","format":"standard","meta":{"footnotes":""},"categories":[36],"tags":[],"class_list":["post-227188","post","type-post","status-publish","format-standard","has-post-thumbnail","hentry","category-paraiso-das-aguas"],"_links":{"self":[{"href":"https:\/\/www.ocorreionews.com.br\/acervo-correio\/index.php?rest_route=\/wp\/v2\/posts\/227188","targetHints":{"allow":["GET"]}}],"collection":[{"href":"https:\/\/www.ocorreionews.com.br\/acervo-correio\/index.php?rest_route=\/wp\/v2\/posts"}],"about":[{"href":"https:\/\/www.ocorreionews.com.br\/acervo-correio\/index.php?rest_route=\/wp\/v2\/types\/post"}],"author":[{"embeddable":true,"href":"https:\/\/www.ocorreionews.com.br\/acervo-correio\/index.php?rest_route=\/wp\/v2\/users\/5"}],"replies":[{"embeddable":true,"href":"https:\/\/www.ocorreionews.com.br\/acervo-correio\/index.php?rest_route=%2Fwp%2Fv2%2Fcomments&post=227188"}],"version-history":[{"count":1,"href":"https:\/\/www.ocorreionews.com.br\/acervo-correio\/index.php?rest_route=\/wp\/v2\/posts\/227188\/revisions"}],"predecessor-version":[{"id":227191,"href":"https:\/\/www.ocorreionews.com.br\/acervo-correio\/index.php?rest_route=\/wp\/v2\/posts\/227188\/revisions\/227191"}],"wp:featuredmedia":[{"embeddable":true,"href":"https:\/\/www.ocorreionews.com.br\/acervo-correio\/index.php?rest_route=\/wp\/v2\/media\/227189"}],"wp:attachment":[{"href":"https:\/\/www.ocorreionews.com.br\/acervo-correio\/index.php?rest_route=%2Fwp%2Fv2%2Fmedia&parent=227188"}],"wp:term":[{"taxonomy":"category","embeddable":true,"href":"https:\/\/www.ocorreionews.com.br\/acervo-correio\/index.php?rest_route=%2Fwp%2Fv2%2Fcategories&post=227188"},{"taxonomy":"post_tag","embeddable":true,"href":"https:\/\/www.ocorreionews.com.br\/acervo-correio\/index.php?rest_route=%2Fwp%2Fv2%2Ftags&post=227188"}],"curies":[{"name":"wp","href":"https:\/\/api.w.org\/{rel}","templated":true}]}}