{"id":227192,"date":"2023-01-03T09:57:20","date_gmt":"2023-01-03T13:57:20","guid":{"rendered":"https:\/\/www.ocorreionews.com.br\/acervo-correio\/?p=227192"},"modified":"2023-01-03T09:57:20","modified_gmt":"2023-01-03T13:57:20","slug":"prefeitura-de-costa-rica-nota-de-pesar-pelo-falecimento-do-servidor-publico-municipal-afreo-inacio-rodrigues","status":"publish","type":"post","link":"https:\/\/www.ocorreionews.com.br\/acervo-correio\/?p=227192","title":{"rendered":"Prefeitura de Costa Rica Nota de Pesar pelo falecimento do servidor p\u00fablico municipal Afreo In\u00e1cio Rodrigues"},"content":{"rendered":"<div class=\"ntc_cont_descricao_noticia sw_txteditor\">A Prefeitura de Costa Rica, na pessoa do prefeito Cleverson Alves dos Santos, manifesta o seu mais profundo pesar pelo falecimento do Servidor P\u00fablico Municipal aposentado, AFREO IN\u00c1CIO RODRIGUES, conhecido popularmente por FREU, de 64 anos de idade, ocorrido nesta ter\u00e7a-feira (3) nesta cidade. Foram 32 anos de atua\u00e7\u00e3o junto ao Munic\u00edpio.<\/p>\n<p>Neste momento de tristeza e dor, n\u00f3s unimos aos demais Servidores P\u00fablicos, especialmente os servidores da Secretaria de Sa\u00fade para manifestar nossas mais sinceras condol\u00eancias aos familiares, parentes e amigos de AFREO, rogando a Deus que conforte seus cora\u00e7\u00f5es.<\/p>\n<p>Sua morte representa uma grande perda para a comunidade costarriquense.<\/p>\n<p>O ato f\u00fanebre acontece a partir das 10h na Veladoria Municipal.<\/p>\n<p>O sepultamento est\u00e1 previsto para \u00e0s 8h30min da quarta-feira (4), na Necr\u00f3pole Municipal Divino Pai Eterno.<\/p><\/div>\n<div class=\"ntc_cont_descricao_noticia sw_txteditor\" style=\"text-align: center;\">\n<p><strong>Nota de pesar<\/strong>:<\/p>\n<p>\u201c\u00c9 com pesar que recebemos a not\u00edcia do falecimento do servidor aposentado AFREO IN\u00c1CIO RODRIGUES (FREU), um grande amigo que deixou um legado de carinho e amizade.<\/p>\n<p>Ele iniciou a sua presta\u00e7\u00e3o de servi\u00e7os ao munic\u00edpio como continuo da Secretaria de Administra\u00e7\u00e3o e Finan\u00e7as trabalhando por 4 anos, de 1982 a 1986, posteriormente trabalhou mais 28 anos como servidor concursado da Secretaria Municipal de Sa\u00fade, atuando na fun\u00e7\u00e3o de Agente da Vigil\u00e2ncia Sanit\u00e1ria. Foram mais de 32 anos de dedica\u00e7\u00e3o exclusiva \u00e0 Costa Rica.<\/p>\n<p>O Poder P\u00fablico presta os seus mais sinceros sentimentos e se solidariza com os familiares pela perda deste servidor exemplar e amigo.<\/p>\n<p>Na certeza que a presen\u00e7a de AFREO deixar\u00e1 muitas saudades em todos com quem conviveu e cativou, a Administra\u00e7\u00e3o P\u00fablica refor\u00e7a os votos de pesar pela grande perda e agradecimentos \u00e0 imensa dedica\u00e7\u00e3o e excelente trabalho prestado ao munic\u00edpio, rogando a Deus que o acolha na sua morada eterna\u201d.<\/p>\n<p><strong>Cleverson Alves dos Santos \u2013 Prefeito de Costa Rica (MS).<\/strong><\/div>\n<div><\/div>\n<div><\/div>\n<div class=\"ntc_cont_descricao_noticia sw_txteditor\">\n<div class=\"ntc_titulo_noticia sw_lato_bold\"><strong>Na ultima sexta-feira (30), o Governo Municipal de Costa Rica havia emitido tamb\u00e9m uma nota de pesar pelo falecimento do servidor Elson Nogueira da Silva<\/strong><\/div>\n<div><img loading=\"lazy\" decoding=\"async\" class=\"imgcentraliza aligncenter\" src=\"https:\/\/www.costarica.ms.gov.br\/fotos\/8e2a3217913d3e25995c12281ae5d849.png\" alt=\"Foto Noticia Principal Grande\" width=\"596\" height=\"423\" \/><\/div>\n<\/div>\n<p>&nbsp;<\/p>\n<p>Confira abaixo a publica\u00e7\u00e3o:<\/p>\n<p style=\"text-align: left;\">O Governo Municipal de Costa Rica emitiu na sexta-feira (30), uma nota de pesar pelo falecimento do servidor p\u00fablico municipal ELSON NOGUEIRA DA SILVA, de 57 anos.<\/p>\n<p>ELSON faleceu em Campo Grande, ap\u00f3s lutar contra um c\u00e2ncer de neoplasia intraepitelial prost\u00e1tica. Por conta de uma infec\u00e7\u00e3o hospitalar em procedimento, foi entubado no Hospital Universit\u00e1rio, o quadro de sa\u00fade dele acabou se agravando e provocando a morte.<\/p>\n<p style=\"text-align: center;\">\n<p><strong>Nota de pesar:<\/strong><\/p>\n<p style=\"text-align: center;\">\u201c\u00c9 com pesar que recebemos a not\u00edcia do falecimento do servidor ELSON NOGUEIRA DA SILVA. Pessoa honrada, destemida, atenciosa e muito dedicada ao seu trabalho.<\/p>\n<p style=\"text-align: center;\">Ele era servidor da Secretaria Municipal de Sa\u00fade, especialmente da Farm\u00e1cia do CEM (Centro de Especialidades M\u00e9dicas), e atuou por mais de 32 anos no munic\u00edpio. Exemplo de ser humano, familiar e profissional.<\/p>\n<p style=\"text-align: center;\">Sua partida nos entristece o cora\u00e7\u00e3o, deixando para n\u00f3s um legado de muitas li\u00e7\u00f5es de amizade, profissionalismo e simplicidade.<\/p>\n<p style=\"text-align: center;\">Neste momento de tristeza e dor, nos unimos para manifestar nossas mais sinceras condol\u00eancias e solidariedade aos familiares, parentes e amigos enlutados, rogando a Deus que conforte seus cora\u00e7\u00f5es\u201d.<\/p>\n<p style=\"text-align: center;\">Cleverson Alves dos Santos \u2013 Prefeito de Costa Rica (MS).<\/p>\n<div class=\"ntc_cont_descricao_noticia sw_txteditor\" style=\"text-align: center;\">\n<\/div>\n<div class=\"ntc_area_info_noticia sw_lato\">\n<div>\n<div class=\"ntc_info_noticia\"><strong class=\"sw_lato_black\">Fonte: <\/strong>Assessoria de Comunica\u00e7\u00e3o &#8211; PMCR<\/div>\n<\/div>\n<\/div>\n","protected":false},"excerpt":{"rendered":"<p>A Prefeitura de Costa Rica, na pessoa do prefeito Cleverson Alves dos Santos, manifesta o seu mais profundo pesar pelo falecimento do Servidor P\u00fablico Municipal aposentado, AFREO IN\u00c1CIO RODRIGUES, conhecido popularmente por FREU, de 64 anos de idade, ocorrido nesta ter\u00e7a-feira (3) nesta cidade. Foram 32 anos de atua\u00e7\u00e3o junto ao Munic\u00edpio. Neste momento de [&hellip;]<\/p>\n","protected":false},"author":5,"featured_media":227193,"comment_status":"closed","ping_status":"closed","sticky":false,"template":"","format":"standard","meta":{"footnotes":""},"categories":[25],"tags":[],"class_list":["post-227192","post","type-post","status-publish","format-standard","has-post-thumbnail","hentry","category-costa-rica"],"_links":{"self":[{"href":"https:\/\/www.ocorreionews.com.br\/acervo-correio\/index.php?rest_route=\/wp\/v2\/posts\/227192","targetHints":{"allow":["GET"]}}],"collection":[{"href":"https:\/\/www.ocorreionews.com.br\/acervo-correio\/index.php?rest_route=\/wp\/v2\/posts"}],"about":[{"href":"https:\/\/www.ocorreionews.com.br\/acervo-correio\/index.php?rest_route=\/wp\/v2\/types\/post"}],"author":[{"embeddable":true,"href":"https:\/\/www.ocorreionews.com.br\/acervo-correio\/index.php?rest_route=\/wp\/v2\/users\/5"}],"replies":[{"embeddable":true,"href":"https:\/\/www.ocorreionews.com.br\/acervo-correio\/index.php?rest_route=%2Fwp%2Fv2%2Fcomments&post=227192"}],"version-history":[{"count":1,"href":"https:\/\/www.ocorreionews.com.br\/acervo-correio\/index.php?rest_route=\/wp\/v2\/posts\/227192\/revisions"}],"predecessor-version":[{"id":227194,"href":"https:\/\/www.ocorreionews.com.br\/acervo-correio\/index.php?rest_route=\/wp\/v2\/posts\/227192\/revisions\/227194"}],"wp:featuredmedia":[{"embeddable":true,"href":"https:\/\/www.ocorreionews.com.br\/acervo-correio\/index.php?rest_route=\/wp\/v2\/media\/227193"}],"wp:attachment":[{"href":"https:\/\/www.ocorreionews.com.br\/acervo-correio\/index.php?rest_route=%2Fwp%2Fv2%2Fmedia&parent=227192"}],"wp:term":[{"taxonomy":"category","embeddable":true,"href":"https:\/\/www.ocorreionews.com.br\/acervo-correio\/index.php?rest_route=%2Fwp%2Fv2%2Fcategories&post=227192"},{"taxonomy":"post_tag","embeddable":true,"href":"https:\/\/www.ocorreionews.com.br\/acervo-correio\/index.php?rest_route=%2Fwp%2Fv2%2Ftags&post=227192"}],"curies":[{"name":"wp","href":"https:\/\/api.w.org\/{rel}","templated":true}]}}