{"id":227195,"date":"2023-01-03T10:16:06","date_gmt":"2023-01-03T14:16:06","guid":{"rendered":"https:\/\/www.ocorreionews.com.br\/acervo-correio\/?p=227195"},"modified":"2023-01-03T10:16:06","modified_gmt":"2023-01-03T14:16:06","slug":"ipva-em-goias-fica-10-mais-caro-este-ano-veja-valores","status":"publish","type":"post","link":"https:\/\/www.ocorreionews.com.br\/acervo-correio\/?p=227195","title":{"rendered":"IPVA em Goi\u00e1s fica 10% mais caro este ano; veja valores"},"content":{"rendered":"<div id=\"chunk-77c4j\">\n<div class=\"mc-column content-text active-extra-styles \" data-block-type=\"unstyled\" data-block-weight=\"51\" data-block-id=\"3\">\n<p class=\"content-text__container \" data-track-category=\"Link no Texto\" data-track-links=\"\">O ano de 2023 come\u00e7ou com o IPVA 10% mais caro para os contribuintes goianos. Para calcular o valor do imposto, a Secretaria de Economia pega o pre\u00e7o do ve\u00edculo avaliado pela tabela Fipe e aplica em cima desse valor de venda uma al\u00edquota de acordo com a categoria do ve\u00edculo.<\/p>\n<\/div>\n<\/div>\n<div class=\"wall protected-content\">\n<div class=\"mc-column content-text active-extra-styles\" data-block-type=\"raw\" data-block-weight=\"6\" data-block-id=\"4\">\n<p>&nbsp;<\/p>\n<p>&nbsp;<\/p>\n<\/div>\n<div id=\"chunk-71pv4\">\n<div class=\"mc-column content-text active-extra-styles \" data-block-type=\"unstyled\" data-block-weight=\"52\" data-block-id=\"5\">\n<p class=\"content-text__container \" data-track-category=\"Link no Texto\" data-track-links=\"\">J\u00e1 tem 8 anos que o Governo de Goi\u00e1s mant\u00e9m as mesmas al\u00edquotas de IPVA e \u00e9 a\u00ed que surge a d\u00favida em muita gente: por que o carro usado, que historicamente perde valor a cada ano, agora \u2014 ao contr\u00e1rio \u2014 est\u00e1 vindo com o imposto mais caro que em 2022?<\/p>\n<\/div>\n<\/div>\n<div class=\"content-ads content-ads--reveal\" data-block-type=\"ads\" data-block-id=\"6\"><\/div>\n<div id=\"chunk-6dnfo\">\n<div class=\"mc-column content-text active-extra-styles \" data-block-type=\"unstyled\" data-block-weight=\"23\" data-block-id=\"7\">\n<p class=\"content-text__container \" data-track-category=\"Link no Texto\" data-track-links=\"\">\u00c9 que o valor de venda dos carros usados aumentou 10% em Goi\u00e1s em rela\u00e7\u00e3o ao ano passado, segundo a Secretaria de Economia.<\/p>\n<p data-track-category=\"Link no Texto\" data-track-links=\"\">\n<\/div>\n<\/div>\n<div class=\"mc-column content-text active-extra-styles\" data-block-type=\"raw\" data-block-weight=\"16\" data-block-id=\"8\">\n<p class=\"content-text__container\">\n<ul class=\"content-unordered-list\">\n<li><a href=\"https:\/\/www.economia.go.gov.br\/files\/IPVA\/2023\/IN_200_2022_Anexo_II.pdf\" target=\"_blank\" rel=\"noopener\"><strong>VEJA A TABELA COM OS VALORES PARA C\u00c1LCULO DO IPVA 2023<\/strong><\/a><\/li>\n<li><a href=\"https:\/\/sistemas.sefaz.go.gov.br\/snc\/publico\/consulta-parcelamento\/form\" target=\"_blank\" rel=\"noopener\"><strong>CONSULTAR O IPVA POR VE\u00cdCULO<\/strong><\/a><\/li>\n<\/ul>\n<p>&nbsp;<\/p>\n<\/div>\n<div class=\"mc-column content-text active-extra-styles\" data-block-type=\"raw\" data-block-weight=\"15\" data-block-id=\"10\">\n<p>&nbsp;<\/p>\n<\/div>\n<div id=\"chunk-2n96l\">\n<div class=\"row medium-uncollapsed content-media content-photo\" data-block-type=\"backstage-photo\" data-block-id=\"11\">\n<div class=\"mc-column content-media__container\">\n<div class=\"content-media-container glb-skeleton-box\">\n<figure class=\"content-media-figure\">\n<p><figure style=\"width: 647px\" class=\"wp-caption aligncenter\"><img loading=\"lazy\" decoding=\"async\" class=\"i-amphtml-fill-content i-amphtml-replaced-content\" src=\"https:\/\/s2.glbimg.com\/KOMSmhuc9BWGm0KP68j_ecWrtJY=\/0x0:1700x1065\/984x0\/smart\/filters:strip_icc()\/i.s3.glbimg.com\/v1\/AUTH_59edd422c0c84a879bd37670ae4f538a\/internal_photos\/bs\/2022\/6\/O\/eMm41VS3ilmnSgxQfMnA\/imagens-7-.png\" sizes=\"auto, (max-width: 1366px) 648px, 100vw\" srcset=\"https:\/\/s2.glbimg.com\/VxqnOMLcPLxV6a2S2KDWGyt7lb8=\/0x0:1700x1065\/1000x0\/smart\/filters:strip_icc()\/i.s3.glbimg.com\/v1\/AUTH_59edd422c0c84a879bd37670ae4f538a\/internal_photos\/bs\/2022\/6\/O\/eMm41VS3ilmnSgxQfMnA\/imagens-7-.png 1000w, https:\/\/s2.glbimg.com\/KOMSmhuc9BWGm0KP68j_ecWrtJY=\/0x0:1700x1065\/984x0\/smart\/filters:strip_icc()\/i.s3.glbimg.com\/v1\/AUTH_59edd422c0c84a879bd37670ae4f538a\/internal_photos\/bs\/2022\/6\/O\/eMm41VS3ilmnSgxQfMnA\/imagens-7-.png 984w, https:\/\/s2.glbimg.com\/Rno34r1weCfg2-pIBH3uLCFlHLI=\/0x0:1700x1065\/640x0\/smart\/filters:strip_icc()\/i.s3.glbimg.com\/v1\/AUTH_59edd422c0c84a879bd37670ae4f538a\/internal_photos\/bs\/2022\/6\/O\/eMm41VS3ilmnSgxQfMnA\/imagens-7-.png 640w, https:\/\/s2.glbimg.com\/lHRn5DpCZxJJb75ddz9RFqsu1SM=\/0x0:1700x1065\/600x0\/smart\/filters:strip_icc()\/i.s3.glbimg.com\/v1\/AUTH_59edd422c0c84a879bd37670ae4f538a\/internal_photos\/bs\/2022\/6\/O\/eMm41VS3ilmnSgxQfMnA\/imagens-7-.png 600w\" alt=\"Calend\u00e1rio do IPVA de 2023, em Goi\u00e1s \u2014 Foto: Reprodu\u00e7\u00e3o\/Site da Secretaria da Economia de Goi\u00e1s \" width=\"647\" height=\"405\" \/><figcaption class=\"wp-caption-text\">Calend\u00e1rio do IPVA de 2023, em Goi\u00e1s \u2014 Foto: Reprodu\u00e7\u00e3o\/Site da Secretaria da Economia de Goi\u00e1s<\/figcaption><\/figure><\/figure>\n<\/div>\n<p class=\"content-media__description \">\n<\/div>\n<\/div>\n<\/div>\n<div id=\"chunk-6sg5k\">\n<div class=\"mc-column content-text active-extra-styles \" data-block-type=\"unstyled\" data-block-weight=\"33\" data-block-id=\"12\">\n<p class=\"content-text__container \" data-track-category=\"Link no Texto\" data-track-links=\"\">O presidente Sindicato dos Despachantes, Divino Eterno dos Santos, explicou que h\u00e1 falta de pe\u00e7as para ve\u00edculos novos por causa da pandemia e isso fez com o carro usado se valorizasse.<\/p>\n<p data-track-category=\"Link no Texto\" data-track-links=\"\">\n<\/div>\n<\/div>\n<div id=\"chunk-csfgh\">\n<div class=\"mc-column content-text active-extra-styles \" data-block-type=\"unstyled\" data-block-weight=\"53\" data-block-id=\"13\">\n<p class=\"content-text__container \" data-track-category=\"Link no Texto\" data-track-links=\"\">&#8220;Em rela\u00e7\u00e3o aos ve\u00edculos novos, que alguns t\u00eam falta de pe\u00e7as pelo per\u00edodo pand\u00eamico que vivemos nos \u00faltimos 3 anos, alguns carros usados e semi-novos tiveram uma valoriza\u00e7\u00e3o de mercado um pouco maior. Se o carro tem uma valoriza\u00e7\u00e3o, automaticamente esse veiculo vai ter um IPVA mais alto&#8221;, pontuou Divino dos Santos.<\/p>\n<p data-track-category=\"Link no Texto\" data-track-links=\"\">\n<\/div>\n<\/div>\n<div id=\"chunk-2ei9s\">\n<div class=\"content-ads content-ads--reveal\" data-block-type=\"ads\" data-block-id=\"14\">\n<div><\/div>\n<\/div>\n<\/div>\n<div id=\"chunk-ds73m\">\n<div class=\"mc-column content-text active-extra-styles \" data-block-type=\"unstyled\" data-block-weight=\"24\" data-block-id=\"15\">\n<p class=\"content-text__container \" data-track-category=\"Link no Texto\" data-track-links=\"\">O boleto do IPVA 2023 j\u00e1 est\u00e1 dispon\u00edvel no site e aplicativo do Detran, mas o contribuinte ainda tem tempo para quitar a d\u00edvida.<\/p>\n<p class=\"content-text__container \" data-track-category=\"Link no Texto\" data-track-links=\"\"><strong>IPVA 2023<\/strong><\/p>\n<\/div>\n<\/div>\n<div id=\"chunk-rhr4\">\n<div class=\"row medium-uncollapsed content-text\" data-block-type=\"table-plugin\" data-block-id=\"16\">\n<div class=\"column medium-centered medium-22 large-20\">\n<div class=\"show-table content-media content-media--normal\">\n<div class=\"show-table__centralized\">\n<div class=\"show-table__container\">\n<table class=\"show-table__content\n        \"><\/p>\n<tbody>\n<tr>\n<td>CATEGORIA<\/td>\n<td>AL\u00cdQUOTA<\/td>\n<\/tr>\n<tr>\n<td>\u00d4NIBUS E CAMINH\u00c3O<\/td>\n<td>1,25%<\/td>\n<\/tr>\n<tr>\n<td>MOTO<\/td>\n<td>3%<\/td>\n<\/tr>\n<tr>\n<td>UTILIT\u00c1RIOS<\/td>\n<td>3,45%<\/td>\n<\/tr>\n<tr>\n<td>CARROS DE PASSEIO<\/td>\n<td>3,75%<\/td>\n<\/tr>\n<\/tbody>\n<\/table>\n<\/div>\n<div class=\"show-table__footer\">\n<div class=\"show-table__source\">Fonte: Detran\/GO<\/div>\n<\/div>\n<\/div>\n<\/div>\n<\/div>\n<\/div>\n<\/div>\n<div id=\"chunk-b20fh\">\n<div class=\"mc-column content-text active-extra-styles \" data-block-type=\"unstyled\" data-block-weight=\"31\" data-block-id=\"17\">\n<p data-track-category=\"Link no Texto\" data-track-links=\"\">\n<p class=\"content-text__container \" data-track-category=\"Link no Texto\" data-track-links=\"\">Para as placas com finais 1 e 2, o imposto vai vencer em setembro. Para as placas com finais 3 a 9 e final 0, o vencimento ser\u00e1 em outubro.<\/p>\n<p data-track-category=\"Link no Texto\" data-track-links=\"\">\n<\/div>\n<\/div>\n<div id=\"chunk-5d8ht\">\n<div class=\"mc-column content-text active-extra-styles \" data-block-type=\"unstyled\" data-block-weight=\"32\" data-block-id=\"18\">\n<p class=\"content-text__container \" data-track-category=\"Link no Texto\" data-track-links=\"\">Este ano, 479 mil donos de ve\u00edculos v\u00e3o ter descontos de 5% a 10% no valor do imposto. S\u00e3o os participantes do programa nota fiscal goiana, segundo a Secretaria de Economia.<\/p>\n<p data-track-category=\"Link no Texto\" data-track-links=\"\">\n<\/div>\n<\/div>\n<div id=\"chunk-d0hgm\">\n<div class=\"mc-column content-text active-extra-styles \" data-block-type=\"unstyled\" data-block-weight=\"22\" data-block-id=\"19\">\n<p class=\"content-text__container \" data-track-category=\"Link no Texto\" data-track-links=\"\">Em 2022, o governo arrecadou R$ 2,4 bilh\u00f5es com IPVA. Neste ano, a expectativa \u00e9 arrecadar R$ 260 milh\u00f5es a mais.<\/p>\n<\/div>\n<\/div>\n<div id=\"chunk-9pdfm\">\n<div class=\"content-ads content-ads--reveal\" data-block-type=\"ads\" data-block-id=\"20\">\n<div id=\"banner_materia__0d15fcb0-2738-4800-9c4a-098bb896dcff\" class=\"tag-manager-publicidade-container mc-has-reveal mc-has-ad-lazyload tag-manager-publicidade-banner_materia__0d15fcb0-2738-4800-9c4a-098bb896dcff tag-manager-publicidade-container--carregado tag-manager-publicidade-container--visivel\" data-id=\"banner_materia__0d15fcb0-2738-4800-9c4a-098bb896dcff\" data-google-query-id=\"CN-mitvKq_wCFQWIlQIditoBNw\">\n<div id=\"google_ads_iframe_\/95377733\/tvg_G1\/Sua_Regiao&gt;Centro_Oeste&gt;Goias_5__container__\"><\/div>\n<\/div>\n<\/div>\n<\/div>\n<div id=\"chunk-7po5n\">\n<div class=\"mc-column content-text active-extra-styles \" data-block-type=\"unstyled\" data-block-weight=\"39\" data-block-id=\"21\">\n<p class=\"content-text__container \" data-track-category=\"Link no Texto\" data-track-links=\"\">Se o dono do ve\u00edculo n\u00e3o concordar com o valor de venda que vem no boleto do IPVa, \u00e9 poss\u00edvel recorrer. As informa\u00e7\u00f5es de como pedir a revis\u00e3o est\u00e3o no site da Secretaria de Economia no site <a href=\"http:\/\/www.economia.go.gov.br\">www.economia.go.gov.br.<\/a><\/p>\n<\/div>\n<\/div>\n<\/div>\n<p data-track-category=\"Link no Texto\" data-track-links=\"\">\n<p data-track-category=\"Link no Texto\" data-track-links=\"\">\n<div class=\"wall protected-content\">\n<div id=\"chunk-7po5n\">\n<div class=\"mc-column content-text active-extra-styles \" data-block-type=\"unstyled\" data-block-weight=\"39\" data-block-id=\"21\">\n<p class=\"content-publication-data__from\" title=\"Hon\u00f3rio Jacometto e Rafael Oliveira, TV Anhanguera e g1 Goi\u00e1s\">Por Hon\u00f3rio Jacometto e Rafael Oliveira, TV Anhanguera e g1 Goi\u00e1s<\/p>\n<\/div>\n<p data-track-category=\"Link no Texto\" data-track-links=\"\">\n<\/div>\n<\/div>\n","protected":false},"excerpt":{"rendered":"<p>O ano de 2023 come\u00e7ou com o IPVA 10% mais caro para os contribuintes goianos. Para calcular o valor do imposto, a Secretaria de Economia pega o pre\u00e7o do ve\u00edculo avaliado pela tabela Fipe e aplica em cima desse valor de venda uma al\u00edquota de acordo com a categoria do ve\u00edculo. &nbsp; &nbsp; J\u00e1 tem [&hellip;]<\/p>\n","protected":false},"author":5,"featured_media":97636,"comment_status":"closed","ping_status":"closed","sticky":false,"template":"","format":"standard","meta":{"footnotes":""},"categories":[26],"tags":[],"class_list":["post-227195","post","type-post","status-publish","format-standard","has-post-thumbnail","hentry","category-economia"],"_links":{"self":[{"href":"https:\/\/www.ocorreionews.com.br\/acervo-correio\/index.php?rest_route=\/wp\/v2\/posts\/227195","targetHints":{"allow":["GET"]}}],"collection":[{"href":"https:\/\/www.ocorreionews.com.br\/acervo-correio\/index.php?rest_route=\/wp\/v2\/posts"}],"about":[{"href":"https:\/\/www.ocorreionews.com.br\/acervo-correio\/index.php?rest_route=\/wp\/v2\/types\/post"}],"author":[{"embeddable":true,"href":"https:\/\/www.ocorreionews.com.br\/acervo-correio\/index.php?rest_route=\/wp\/v2\/users\/5"}],"replies":[{"embeddable":true,"href":"https:\/\/www.ocorreionews.com.br\/acervo-correio\/index.php?rest_route=%2Fwp%2Fv2%2Fcomments&post=227195"}],"version-history":[{"count":1,"href":"https:\/\/www.ocorreionews.com.br\/acervo-correio\/index.php?rest_route=\/wp\/v2\/posts\/227195\/revisions"}],"predecessor-version":[{"id":227197,"href":"https:\/\/www.ocorreionews.com.br\/acervo-correio\/index.php?rest_route=\/wp\/v2\/posts\/227195\/revisions\/227197"}],"wp:featuredmedia":[{"embeddable":true,"href":"https:\/\/www.ocorreionews.com.br\/acervo-correio\/index.php?rest_route=\/wp\/v2\/media\/97636"}],"wp:attachment":[{"href":"https:\/\/www.ocorreionews.com.br\/acervo-correio\/index.php?rest_route=%2Fwp%2Fv2%2Fmedia&parent=227195"}],"wp:term":[{"taxonomy":"category","embeddable":true,"href":"https:\/\/www.ocorreionews.com.br\/acervo-correio\/index.php?rest_route=%2Fwp%2Fv2%2Fcategories&post=227195"},{"taxonomy":"post_tag","embeddable":true,"href":"https:\/\/www.ocorreionews.com.br\/acervo-correio\/index.php?rest_route=%2Fwp%2Fv2%2Ftags&post=227195"}],"curies":[{"name":"wp","href":"https:\/\/api.w.org\/{rel}","templated":true}]}}