{"id":22721,"date":"2016-03-14T08:16:51","date_gmt":"2016-03-14T12:16:51","guid":{"rendered":"https:\/\/ocorreionews.com.br\/?p=22721"},"modified":"2016-03-14T08:16:51","modified_gmt":"2016-03-14T12:16:51","slug":"governo-vai-implantar-balancas-moveis-nas-rodovias-estaduais","status":"publish","type":"post","link":"https:\/\/www.ocorreionews.com.br\/acervo-correio\/?p=22721","title":{"rendered":"Governo vai implantar balan\u00e7as m\u00f3veis nas rodovias estaduais"},"content":{"rendered":"<p>O Governo do Estado estuda implantar balan\u00e7as m\u00f3veis nas rodovias estaduais de Mato Grosso do Sul. O excesso de peso nos caminh\u00f5es que transitam pelas vias seria o motivo da ado\u00e7\u00e3o da medida. No dia 7 de mar\u00e7o, Reinaldo AzambuJA (PSDB)\u00a0assinou contrato de gest\u00e3o com a Secretaria de Estado de Infraestrutura (Seinfra), para a recupera\u00e7\u00e3o da malha vi\u00e1ria durante o ano de 2016, e na vis\u00e3o da administra\u00e7\u00e3o estadual se o sobrepeso n\u00e3o for combatido, os problemas de buracos e danos estruturais nas estradas voltaria em pouco tempo. No plano de recupera\u00e7\u00e3o das pontes danificadas pelo interior, por causa das chuvas, o Minist\u00e9rio da Integra\u00e7\u00e3o assinou repasse de R$ 18,3 milh\u00f5es que vai beneficiar 11 cidades.<\/p>\n<p>Ednei Marcelo Miglioli, titular da Seinfra, disse que o assunto ainda \u00e9 tratado de forma interna do governo, mas pode se tornar realidade, para evitar preju\u00edzos para os cofres estaduais, por causa das cargas que est\u00e3o acima do peso permitido.<\/p>\n<p>\u201cExiste um projeto no Governo do Estado, uma discus\u00e3o interna, no sentido de implantarmos um programa de pesagem nas rodovias estaduais, visto que hoje n\u00e3o h\u00e1 o que se discutir que um dos grande problemas da nossa malha vi\u00e1ria \u00e9 o excesso de peso que acaba prejudicando a estrutura das rodovias estaduais\u201d.<br \/>\nAl\u00e9m da Seinfra, outras secretarias, que ainda n\u00e3o foram divulgadas, participam da discuss\u00e3o, de como que o projeto poder\u00e1 ser elaborado e implantado. \u201cEste projeto envolve v\u00e1rias secretarias, uma estrutura de governo que est\u00e1 sendo discutida com as outras secretarias, para tirar o projeto do papel\u201d, pontuou Miglioli.<\/p>\n<p>&nbsp;<\/p>\n<p>&nbsp;<\/p>\n<p>Correio do Estado<\/p>\n","protected":false},"excerpt":{"rendered":"<p>O Governo do Estado estuda implantar balan\u00e7as m\u00f3veis nas rodovias estaduais de Mato Grosso do Sul. O excesso de peso nos caminh\u00f5es que transitam pelas vias seria o motivo da ado\u00e7\u00e3o da medida. No dia 7 de mar\u00e7o, Reinaldo AzambuJA (PSDB)\u00a0assinou contrato de gest\u00e3o com a Secretaria de Estado de Infraestrutura (Seinfra), para a recupera\u00e7\u00e3o [&hellip;]<\/p>\n","protected":false},"author":4,"featured_media":22723,"comment_status":"closed","ping_status":"closed","sticky":false,"template":"","format":"standard","meta":{"footnotes":""},"categories":[37],"tags":[],"class_list":["post-22721","post","type-post","status-publish","format-standard","has-post-thumbnail","hentry","category-politica"],"_links":{"self":[{"href":"https:\/\/www.ocorreionews.com.br\/acervo-correio\/index.php?rest_route=\/wp\/v2\/posts\/22721","targetHints":{"allow":["GET"]}}],"collection":[{"href":"https:\/\/www.ocorreionews.com.br\/acervo-correio\/index.php?rest_route=\/wp\/v2\/posts"}],"about":[{"href":"https:\/\/www.ocorreionews.com.br\/acervo-correio\/index.php?rest_route=\/wp\/v2\/types\/post"}],"author":[{"embeddable":true,"href":"https:\/\/www.ocorreionews.com.br\/acervo-correio\/index.php?rest_route=\/wp\/v2\/users\/4"}],"replies":[{"embeddable":true,"href":"https:\/\/www.ocorreionews.com.br\/acervo-correio\/index.php?rest_route=%2Fwp%2Fv2%2Fcomments&post=22721"}],"version-history":[{"count":0,"href":"https:\/\/www.ocorreionews.com.br\/acervo-correio\/index.php?rest_route=\/wp\/v2\/posts\/22721\/revisions"}],"wp:featuredmedia":[{"embeddable":true,"href":"https:\/\/www.ocorreionews.com.br\/acervo-correio\/index.php?rest_route=\/wp\/v2\/media\/22723"}],"wp:attachment":[{"href":"https:\/\/www.ocorreionews.com.br\/acervo-correio\/index.php?rest_route=%2Fwp%2Fv2%2Fmedia&parent=22721"}],"wp:term":[{"taxonomy":"category","embeddable":true,"href":"https:\/\/www.ocorreionews.com.br\/acervo-correio\/index.php?rest_route=%2Fwp%2Fv2%2Fcategories&post=22721"},{"taxonomy":"post_tag","embeddable":true,"href":"https:\/\/www.ocorreionews.com.br\/acervo-correio\/index.php?rest_route=%2Fwp%2Fv2%2Ftags&post=22721"}],"curies":[{"name":"wp","href":"https:\/\/api.w.org\/{rel}","templated":true}]}}