{"id":22734,"date":"2016-03-14T09:27:17","date_gmt":"2016-03-14T13:27:17","guid":{"rendered":"https:\/\/ocorreionews.com.br\/?p=22734"},"modified":"2016-03-14T09:27:58","modified_gmt":"2016-03-14T13:27:58","slug":"pf-apreende-506-kg-de-cocaina-apos-raio-x-achar-droga-em-carga-de-carne","status":"publish","type":"post","link":"https:\/\/www.ocorreionews.com.br\/acervo-correio\/?p=22734","title":{"rendered":"PF apreende 506 kg de coca\u00edna ap\u00f3s raio-x achar droga em carga de carne"},"content":{"rendered":"<p>O condutor de um caminh\u00e3o carregado com 506 quilos de pasta base de coca\u00edna foi preso pela Pol\u00edcia Federal (PF) na BR463, na regi\u00e3o de fronteira do Brasil com o Paraguai pr\u00f3ximo a Ponta Por\u00e3, a 326 km de Campo Grande. A droga estava escondida no fundo falso do ve\u00edculo, que transportava carne.<\/p>\n<p>Segundo a PF, o motorista levava carregamento de carne para outro estado e estava em rota diferente, o que levantou suspeita dos policiais.<\/p>\n<p>Ao ser abordado, o homem disse que era ex-policial, na tentativa de intimar a equipe de abordagem. Em seguida, o ve\u00edculo foi levado para o aparelho de escaner, que identificou um fundo falso no caminh\u00e3o.<\/p>\n<p>Ap\u00f3s a retirada da carga de carne, os policiais localizaram o fundo falso no assoalho, onde estavam os tabletes de coca\u00edna embalados em papel alum\u00ednio. A droga totalizou pouco mais de meia tonelada de pasta base. O motorista, o caminh\u00e3o e o entorpecente foram encaminhados para a delegacia.<\/p>\n<div class=\"foto componente_materia midia-largura-620\">\n<figure style=\"width: 620px\" class=\"wp-caption alignnone\"><img loading=\"lazy\" decoding=\"async\" title=\"Motorista do caminh\u00e3o foi preso com 506 kg de coca\u00edna (Foto: Divulga\u00e7\u00e3o\/ PF)\" src=\"http:\/\/s2.glbimg.com\/s2PaN_CxxMqQLGWk3K07CNDzY4k=\/620x465\/s.glbimg.com\/jo\/g1\/f\/original\/2016\/03\/14\/ed3b50f627154043a0ae5cb740606dbd71.png\" alt=\"Motorista do caminh\u00e3o foi preso com 506 kg de coca\u00edna (Foto: Divulga\u00e7\u00e3o\/ PF)\" width=\"620\" height=\"465\" \/><figcaption class=\"wp-caption-text\">Motorista do caminh\u00e3o foi preso com 506 kg de coca\u00edna (Foto: Divulga\u00e7\u00e3o\/ PF)<\/figcaption><\/figure>\n<\/div>\n<div class=\"foto componente_materia midia-largura-620\"><\/div>\n<div class=\"foto componente_materia midia-largura-620\"><\/div>\n<div class=\"foto componente_materia midia-largura-620\">G1 MS<\/div>\n","protected":false},"excerpt":{"rendered":"<p>O condutor de um caminh\u00e3o carregado com 506 quilos de pasta base de coca\u00edna foi preso pela Pol\u00edcia Federal (PF) na BR463, na regi\u00e3o de fronteira do Brasil com o Paraguai pr\u00f3ximo a Ponta Por\u00e3, a 326 km de Campo Grande. A droga estava escondida no fundo falso do ve\u00edculo, que transportava carne. Segundo a [&hellip;]<\/p>\n","protected":false},"author":4,"featured_media":22735,"comment_status":"closed","ping_status":"closed","sticky":false,"template":"","format":"standard","meta":{"footnotes":""},"categories":[38],"tags":[],"class_list":["post-22734","post","type-post","status-publish","format-standard","has-post-thumbnail","hentry","category-policia"],"_links":{"self":[{"href":"https:\/\/www.ocorreionews.com.br\/acervo-correio\/index.php?rest_route=\/wp\/v2\/posts\/22734","targetHints":{"allow":["GET"]}}],"collection":[{"href":"https:\/\/www.ocorreionews.com.br\/acervo-correio\/index.php?rest_route=\/wp\/v2\/posts"}],"about":[{"href":"https:\/\/www.ocorreionews.com.br\/acervo-correio\/index.php?rest_route=\/wp\/v2\/types\/post"}],"author":[{"embeddable":true,"href":"https:\/\/www.ocorreionews.com.br\/acervo-correio\/index.php?rest_route=\/wp\/v2\/users\/4"}],"replies":[{"embeddable":true,"href":"https:\/\/www.ocorreionews.com.br\/acervo-correio\/index.php?rest_route=%2Fwp%2Fv2%2Fcomments&post=22734"}],"version-history":[{"count":0,"href":"https:\/\/www.ocorreionews.com.br\/acervo-correio\/index.php?rest_route=\/wp\/v2\/posts\/22734\/revisions"}],"wp:featuredmedia":[{"embeddable":true,"href":"https:\/\/www.ocorreionews.com.br\/acervo-correio\/index.php?rest_route=\/wp\/v2\/media\/22735"}],"wp:attachment":[{"href":"https:\/\/www.ocorreionews.com.br\/acervo-correio\/index.php?rest_route=%2Fwp%2Fv2%2Fmedia&parent=22734"}],"wp:term":[{"taxonomy":"category","embeddable":true,"href":"https:\/\/www.ocorreionews.com.br\/acervo-correio\/index.php?rest_route=%2Fwp%2Fv2%2Fcategories&post=22734"},{"taxonomy":"post_tag","embeddable":true,"href":"https:\/\/www.ocorreionews.com.br\/acervo-correio\/index.php?rest_route=%2Fwp%2Fv2%2Ftags&post=22734"}],"curies":[{"name":"wp","href":"https:\/\/api.w.org\/{rel}","templated":true}]}}