{"id":22793,"date":"2016-03-14T17:43:11","date_gmt":"2016-03-14T21:43:11","guid":{"rendered":"https:\/\/ocorreionews.com.br\/?p=22793"},"modified":"2016-03-14T17:43:11","modified_gmt":"2016-03-14T21:43:11","slug":"edital-de-convocacao-deassembleia-da-usina-indaia","status":"publish","type":"post","link":"https:\/\/www.ocorreionews.com.br\/acervo-correio\/?p=22793","title":{"rendered":"Edital de Convoca\u00e7\u00e3o deAssembl\u00e9ia da Usina Indai\u00e1"},"content":{"rendered":"<p>EDITAL DE CONVOCA\u00c7\u00c3O DE ASSEMBLEIA DE S\u00d3CIOS.<\/p>\n<p>O Gerente Administrativo e Financeiro, acumulando o cargo de Gerente Geral, da Usina Indai\u00e1 Ltda., inscrita no CNPJ\/MF sob o n\u00ba 00.981.001\/0001-64, Sr. Valdir da Silva Lima, convoca os senhores s\u00f3cios para Assembleia de S\u00f3cios, a ser realizada no dia 18 de mar\u00e7o de 2016, tendo como local a sede do Rotary Clube de Chapad\u00e3o do Sul, sito a Rua A, s\/n\u00ba, Bairro Esperan\u00e7a, em Chapad\u00e3o do Sul\/MS, em primeira convoca\u00e7\u00e3o \u00e0s 07:00 horas, com a presen\u00e7a de s\u00f3cios que representem \u00be (tr\u00eas quartos) do capital social, e em segunda e \u00faltima convoca\u00e7\u00e3o \u00e0s 08:00 horas, com qualquer n\u00famero de s\u00f3cios, para deliberarem sobre os seguintes assuntos:<\/p>\n<ol>\n<li>a) Presta\u00e7\u00e3o de Contas dos gastos despendidos com servi\u00e7os visando \u00e0 readequa\u00e7\u00e3o e \u00e0 reativa\u00e7\u00e3o da usina hidrel\u00e9trica, ocorridos at\u00e9 a data desta Assembleia de S\u00f3cios;<\/li>\n<li>b) Levantamento dos s\u00f3cios interessados em continuar na sociedade e na reconstru\u00e7\u00e3o da Usina, bem como a ratifica\u00e7\u00e3o das decis\u00f5es tomadas na Assembleia Extraordin\u00e1ria n\u00ba 13;<\/li>\n<li>c) Liquida\u00e7\u00e3o de quotas de s\u00f3cios falecidos e\/ou dissolvidos e a apura\u00e7\u00e3o dos respectivos haveres;<\/li>\n<li>d) Redu\u00e7\u00e3o do capital social em virtude da liquida\u00e7\u00e3o das quotas ou do pagamento pelos s\u00f3cios remanescentes;<\/li>\n<li>e) Aumento de capital social e realiza\u00e7\u00e3o de novos investimentos;<\/li>\n<li>f) Elei\u00e7\u00e3o de Administradores;<\/li>\n<li>g) Adequa\u00e7\u00e3o do contrato social da Usina Indai\u00e1 Ltda. \u00e0 Lei 10.406\/2002, bem como a sua altera\u00e7\u00e3o e consolida\u00e7\u00e3o para refletir as decis\u00f5es tomadas nesta Assembleia;<\/li>\n<li>h) Assuntos Gerais.<\/li>\n<\/ol>\n<p>Os s\u00f3cios poder\u00e3o ser representados na assembleia por outro s\u00f3cio, ou por advogado, mediante outorga de mandato por instrumento p\u00fablico com especifica\u00e7\u00e3o dos atos autorizados, nos termos do artigo 1.074, \u00a71\u00ba, da Lei 10.406\/2002.<\/p>\n<p>Nota 1: O hor\u00e1rio mencionado \u00e9 de Mato Grosso do Sul.<\/p>\n<p>Nota 2: Telefone para esclarecimentos: (67) 9968-5352 c\/ Sr\u00aa Elizabeth.<\/p>\n<p>Chapad\u00e3o do Sul\/MS, 9 de mar\u00e7o de 2016.<\/p>\n<p>Valdir da Silva Lima<\/p>\n<p>Gerente Adm\/Financeiro e Geral em Exerc\u00edcio<\/p>\n","protected":false},"excerpt":{"rendered":"<p>EDITAL DE CONVOCA\u00c7\u00c3O DE ASSEMBLEIA DE S\u00d3CIOS. O Gerente Administrativo e Financeiro, acumulando o cargo de Gerente Geral, da Usina Indai\u00e1 Ltda., inscrita no CNPJ\/MF sob o n\u00ba 00.981.001\/0001-64, Sr. Valdir da Silva Lima, convoca os senhores s\u00f3cios para Assembleia de S\u00f3cios, a ser realizada no dia 18 de mar\u00e7o de 2016, tendo como local [&hellip;]<\/p>\n","protected":false},"author":4,"featured_media":16838,"comment_status":"closed","ping_status":"closed","sticky":false,"template":"","format":"standard","meta":{"footnotes":""},"categories":[23,49],"tags":[],"class_list":["post-22793","post","type-post","status-publish","format-standard","has-post-thumbnail","hentry","category-chapadao-do-sul","category-informe-publicitario"],"_links":{"self":[{"href":"https:\/\/www.ocorreionews.com.br\/acervo-correio\/index.php?rest_route=\/wp\/v2\/posts\/22793","targetHints":{"allow":["GET"]}}],"collection":[{"href":"https:\/\/www.ocorreionews.com.br\/acervo-correio\/index.php?rest_route=\/wp\/v2\/posts"}],"about":[{"href":"https:\/\/www.ocorreionews.com.br\/acervo-correio\/index.php?rest_route=\/wp\/v2\/types\/post"}],"author":[{"embeddable":true,"href":"https:\/\/www.ocorreionews.com.br\/acervo-correio\/index.php?rest_route=\/wp\/v2\/users\/4"}],"replies":[{"embeddable":true,"href":"https:\/\/www.ocorreionews.com.br\/acervo-correio\/index.php?rest_route=%2Fwp%2Fv2%2Fcomments&post=22793"}],"version-history":[{"count":0,"href":"https:\/\/www.ocorreionews.com.br\/acervo-correio\/index.php?rest_route=\/wp\/v2\/posts\/22793\/revisions"}],"wp:featuredmedia":[{"embeddable":true,"href":"https:\/\/www.ocorreionews.com.br\/acervo-correio\/index.php?rest_route=\/wp\/v2\/media\/16838"}],"wp:attachment":[{"href":"https:\/\/www.ocorreionews.com.br\/acervo-correio\/index.php?rest_route=%2Fwp%2Fv2%2Fmedia&parent=22793"}],"wp:term":[{"taxonomy":"category","embeddable":true,"href":"https:\/\/www.ocorreionews.com.br\/acervo-correio\/index.php?rest_route=%2Fwp%2Fv2%2Fcategories&post=22793"},{"taxonomy":"post_tag","embeddable":true,"href":"https:\/\/www.ocorreionews.com.br\/acervo-correio\/index.php?rest_route=%2Fwp%2Fv2%2Ftags&post=22793"}],"curies":[{"name":"wp","href":"https:\/\/api.w.org\/{rel}","templated":true}]}}