{"id":22797,"date":"2016-03-15T06:27:13","date_gmt":"2016-03-15T10:27:13","guid":{"rendered":"https:\/\/ocorreionews.com.br\/?p=22797"},"modified":"2016-03-15T06:27:54","modified_gmt":"2016-03-15T10:27:54","slug":"para-reduzir-gastos-agencias-dos-correios-nao-vao-mais-abrir-aos-sabados","status":"publish","type":"post","link":"https:\/\/www.ocorreionews.com.br\/acervo-correio\/?p=22797","title":{"rendered":"Para reduzir gastos, ag\u00eancias dos Correios n\u00e3o v\u00e3o mais abrir aos s\u00e1bados"},"content":{"rendered":"<p style=\"text-align: justify;\">A partir do pr\u00f3ximo s\u00e1bado (19), a maioria das ag\u00eancias dos Correios n\u00e3o vai mais abrir aos s\u00e1bados. A medida \u00e9 uma forma de reduzir os gastos da empresa e tentar chegar ao fim do ano com o or\u00e7amento em dia. Apenas as ag\u00eancias com grande movimenta\u00e7\u00e3o, como em aeroportos e rodovi\u00e1rias, continuar\u00e3o abertas aos s\u00e1bados.<\/p>\n<p style=\"text-align: justify;\">\u201cQueremos fazer um ajuste financeiro para, que ao final deste ano, os Correios n\u00e3o tenham deficit como no ano passado\u201d, explicou o presidente dos Correios, Giovanni Queiroz. O balan\u00e7o de 2015 da empresa ainda n\u00e3o foi conclu\u00eddo, mas no final do ano passado, Queiroz estimava que o deficit da estatal chegaria a R$ 2 bilh\u00f5es.<\/p>\n<p style=\"text-align: justify;\">Segundo o presidente, muitas ag\u00eancias s\u00e3o deficit\u00e1rias e com baixo fluxo de clientes aos s\u00e1bados, como a de Te\u00f3filo Otoni (MG), onde a receita m\u00e9dia aos s\u00e1bados \u00e9 R$ 416 e a despesa para abrir \u00e9 R$ 6,6 mil. \u201cN\u00e3o h\u00e1 nada que justifique estar aberta ao s\u00e1bado\u201d, diz. A medida n\u00e3o vale para as ag\u00eancias franqueadas dos Correios, s\u00f3 para as ag\u00eancias pr\u00f3prias. Atualmente, os Correios t\u00eam 6.471 ag\u00eancias pr\u00f3prias e 1.011 franqueadas.<\/p>\n<p style=\"text-align: justify;\">Redu\u00e7\u00e3o de despesas &#8211; At\u00e9 o fim do ano, a empresa espera economizar R$ 1,6 bilh\u00e3o com diversas a\u00e7\u00f5es de redu\u00e7\u00e3o de despesas. Os Correios estudam a possibilidade de fundir ag\u00eancias que estejam pr\u00f3ximas, realocando os funcion\u00e1rios e fechando as que d\u00e3o preju\u00edzo. Ainda neste m\u00eas, um projeto-piloto deve come\u00e7ar a funcionar no Distrito Federal e depois pode ser levado para outras cidades do pa\u00eds.<\/p>\n<p style=\"text-align: justify;\">Queiroz deu o exemplo de sua cidade natal, Reden\u00e7\u00e3o (PA), onde atualmente h\u00e1 duas ag\u00eancias dos Correios, mas uma delas \u00e9 pequena e deficit\u00e1ria. \u201cTem uma ag\u00eancia maior, em que faltam funcion\u00e1rios, e tem muito mais condi\u00e7\u00f5es, fica a 800 metros da outra. N\u00e3o faz sentido manter essa outra, porque tem um custo muito alto\u201d, diz. Ele garante que nenhum munic\u00edpio ficar\u00e1 sem pelo menos uma ag\u00eancia dos Correios.<\/p>\n<p style=\"text-align: justify;\">O presidente fez uma recomenda\u00e7\u00e3o para que todas as ag\u00eancias reduzam o pagamento de horas extras e o trabalho noturno dos funcion\u00e1rios. No ano passado, a empresa pagou R$ 720 milh\u00f5es com hora extra. \u201cEm nenhuma circunst\u00e2ncia vamos prejudicar o servi\u00e7o, vamos fazer um ajuste de gest\u00e3o\u201d, garante.<\/p>\n<p style=\"text-align: justify;\">O corte pela metade dos gastos com publicidade e patroc\u00ednio, que no ano passado significou R$ 380 milh\u00f5es, tamb\u00e9m \u00e9 objetivo dos Correios para economizar. Outras medidas administrativas, como revis\u00e3o de contratos de aluguel, redu\u00e7\u00e3o do uso de carros, telefone, viagens e di\u00e1rias ser\u00e3o adotadas. Tamb\u00e9m ser\u00e1 feita uma auditoria na folha de pagamento para detectar pagamentos irregulares de benef\u00edcios.<\/p>\n<h5>Sabrina Craide, da Ag\u00eancia Brasil<\/h5>\n","protected":false},"excerpt":{"rendered":"<p>A partir do pr\u00f3ximo s\u00e1bado (19), a maioria das ag\u00eancias dos Correios n\u00e3o vai mais abrir aos s\u00e1bados. A medida \u00e9 uma forma de reduzir os gastos da empresa e tentar chegar ao fim do ano com o or\u00e7amento em dia. Apenas as ag\u00eancias com grande movimenta\u00e7\u00e3o, como em aeroportos e rodovi\u00e1rias, continuar\u00e3o abertas aos [&hellip;]<\/p>\n","protected":false},"author":4,"featured_media":22798,"comment_status":"closed","ping_status":"closed","sticky":false,"template":"","format":"standard","meta":{"footnotes":""},"categories":[26],"tags":[],"class_list":["post-22797","post","type-post","status-publish","format-standard","has-post-thumbnail","hentry","category-economia"],"_links":{"self":[{"href":"https:\/\/www.ocorreionews.com.br\/acervo-correio\/index.php?rest_route=\/wp\/v2\/posts\/22797","targetHints":{"allow":["GET"]}}],"collection":[{"href":"https:\/\/www.ocorreionews.com.br\/acervo-correio\/index.php?rest_route=\/wp\/v2\/posts"}],"about":[{"href":"https:\/\/www.ocorreionews.com.br\/acervo-correio\/index.php?rest_route=\/wp\/v2\/types\/post"}],"author":[{"embeddable":true,"href":"https:\/\/www.ocorreionews.com.br\/acervo-correio\/index.php?rest_route=\/wp\/v2\/users\/4"}],"replies":[{"embeddable":true,"href":"https:\/\/www.ocorreionews.com.br\/acervo-correio\/index.php?rest_route=%2Fwp%2Fv2%2Fcomments&post=22797"}],"version-history":[{"count":0,"href":"https:\/\/www.ocorreionews.com.br\/acervo-correio\/index.php?rest_route=\/wp\/v2\/posts\/22797\/revisions"}],"wp:featuredmedia":[{"embeddable":true,"href":"https:\/\/www.ocorreionews.com.br\/acervo-correio\/index.php?rest_route=\/wp\/v2\/media\/22798"}],"wp:attachment":[{"href":"https:\/\/www.ocorreionews.com.br\/acervo-correio\/index.php?rest_route=%2Fwp%2Fv2%2Fmedia&parent=22797"}],"wp:term":[{"taxonomy":"category","embeddable":true,"href":"https:\/\/www.ocorreionews.com.br\/acervo-correio\/index.php?rest_route=%2Fwp%2Fv2%2Fcategories&post=22797"},{"taxonomy":"post_tag","embeddable":true,"href":"https:\/\/www.ocorreionews.com.br\/acervo-correio\/index.php?rest_route=%2Fwp%2Fv2%2Ftags&post=22797"}],"curies":[{"name":"wp","href":"https:\/\/api.w.org\/{rel}","templated":true}]}}