{"id":22801,"date":"2016-03-15T07:56:04","date_gmt":"2016-03-15T11:56:04","guid":{"rendered":"https:\/\/ocorreionews.com.br\/?p=22801"},"modified":"2016-03-15T08:40:02","modified_gmt":"2016-03-15T12:40:02","slug":"adriano-loeff-presidente-da-fundacao-chapadao-convida-aos-produtores-rurais-para-visitarem-a-tecnoagro-2016","status":"publish","type":"post","link":"https:\/\/www.ocorreionews.com.br\/acervo-correio\/?p=22801","title":{"rendered":"Adriano Loeff, presidente da Funda\u00e7\u00e3o Chapad\u00e3o, convida aos produtores rurais para visitarem a Tecnoagro 2016."},"content":{"rendered":"<p style=\"text-align: justify;\">O presidente da Funda\u00e7\u00e3o Chapad\u00e3o Adriano Loeff, esteve acompanhando a montagem dos estandes das empresas e visitando os campos de tecnologias que ser\u00e3o apresentados durante os dias 16 e 17, pr\u00f3ximo, Adriano se diz impressionado com o que viu, os produtores, os consultores e funcion\u00e1rios de fazendas n\u00e3o podem perder a oportunidade de visitar est\u00e1 feira, \u00e9 muita tecnologia a ser vista, aqui percebemos o quanto temos que melhorar e para onde v\u00e3o as inova\u00e7\u00f5es tecnol\u00f3gicas em termos de cultivares de soja, milho, formas e manejo da estrutura\u00e7\u00e3o do solo.<\/p>\n<p style=\"text-align: justify;\">Encerra fazendo um convite a todos a virem conhecer o que a equipes de pesquisadores e empresas parceiras da Funda\u00e7\u00e3o est\u00e3o preparando para ser apresentado aos visitantes.<\/p>\n<p style=\"text-align: justify;\">A TecnoAgro acontece em Chapad\u00e3o do Sul, MS nos dias 16 e 17, e tem entrada franca.<\/p>\n","protected":false},"excerpt":{"rendered":"<p>O presidente da Funda\u00e7\u00e3o Chapad\u00e3o Adriano Loeff, esteve acompanhando a montagem dos estandes das empresas e visitando os campos de tecnologias que ser\u00e3o apresentados durante os dias 16 e 17, pr\u00f3ximo, Adriano se diz impressionado com o que viu, os produtores, os consultores e funcion\u00e1rios de fazendas n\u00e3o podem perder a oportunidade de visitar est\u00e1 [&hellip;]<\/p>\n","protected":false},"author":4,"featured_media":22802,"comment_status":"closed","ping_status":"closed","sticky":false,"template":"","format":"standard","meta":{"footnotes":""},"categories":[17,23],"tags":[],"class_list":["post-22801","post","type-post","status-publish","format-standard","has-post-thumbnail","hentry","category-agropecuaria","category-chapadao-do-sul"],"_links":{"self":[{"href":"https:\/\/www.ocorreionews.com.br\/acervo-correio\/index.php?rest_route=\/wp\/v2\/posts\/22801","targetHints":{"allow":["GET"]}}],"collection":[{"href":"https:\/\/www.ocorreionews.com.br\/acervo-correio\/index.php?rest_route=\/wp\/v2\/posts"}],"about":[{"href":"https:\/\/www.ocorreionews.com.br\/acervo-correio\/index.php?rest_route=\/wp\/v2\/types\/post"}],"author":[{"embeddable":true,"href":"https:\/\/www.ocorreionews.com.br\/acervo-correio\/index.php?rest_route=\/wp\/v2\/users\/4"}],"replies":[{"embeddable":true,"href":"https:\/\/www.ocorreionews.com.br\/acervo-correio\/index.php?rest_route=%2Fwp%2Fv2%2Fcomments&post=22801"}],"version-history":[{"count":0,"href":"https:\/\/www.ocorreionews.com.br\/acervo-correio\/index.php?rest_route=\/wp\/v2\/posts\/22801\/revisions"}],"wp:featuredmedia":[{"embeddable":true,"href":"https:\/\/www.ocorreionews.com.br\/acervo-correio\/index.php?rest_route=\/wp\/v2\/media\/22802"}],"wp:attachment":[{"href":"https:\/\/www.ocorreionews.com.br\/acervo-correio\/index.php?rest_route=%2Fwp%2Fv2%2Fmedia&parent=22801"}],"wp:term":[{"taxonomy":"category","embeddable":true,"href":"https:\/\/www.ocorreionews.com.br\/acervo-correio\/index.php?rest_route=%2Fwp%2Fv2%2Fcategories&post=22801"},{"taxonomy":"post_tag","embeddable":true,"href":"https:\/\/www.ocorreionews.com.br\/acervo-correio\/index.php?rest_route=%2Fwp%2Fv2%2Ftags&post=22801"}],"curies":[{"name":"wp","href":"https:\/\/api.w.org\/{rel}","templated":true}]}}