{"id":228244,"date":"2023-01-14T09:39:45","date_gmt":"2023-01-14T13:39:45","guid":{"rendered":"https:\/\/www.ocorreionews.com.br\/acervo-correio\/?p=228244"},"modified":"2023-01-14T09:39:45","modified_gmt":"2023-01-14T13:39:45","slug":"tatico-prende-autor-de-furto-em-chapadao-do-ceu","status":"publish","type":"post","link":"https:\/\/www.ocorreionews.com.br\/acervo-correio\/?p=228244","title":{"rendered":"T\u00e1tico prende autor de furto em Chapad\u00e3o do C\u00e9u"},"content":{"rendered":"<div class=\"x11i5rnm xat24cr x1mh8g0r x1vvkbs xtlvy1s x126k92a\">\n<div dir=\"auto\">Os\u00a0 policiais militares de Chapad\u00e3o do C\u00e9u, do grupo T\u00e1tico, receberam informa\u00e7\u00f5es de\u00a0 um furto ocorrido em um estabelecimento comercial,durante a madrugada do dia 13.<\/div>\n<\/div>\n<div dir=\"auto\"><\/div>\n<div dir=\"auto\">Ap\u00f3s verificar as imagens das c\u00e2meras de seguran\u00e7a do estabelecimento, a os policiais\u00a0 reconheceram o suspeito pelo modo de andar nas imagens das c\u00e2meras.<\/div>\n<div dir=\"auto\"><\/div>\n<div dir=\"auto\">Enquanto realizavam patrulhamento, avistaram o suspeito dentro de um com\u00e9rcio. Foi realizada abordagem e ele confessou o crime, levando os policiais at\u00e9 sua resid\u00eancia e apresentando as roupas usadas no fato, uma vez que seu rosto estava coberto nas imagens.<\/div>\n<div dir=\"auto\"><\/div>\n<div class=\"x11i5rnm xat24cr x1mh8g0r x1vvkbs xtlvy1s x126k92a\">\n<div dir=\"auto\">Foi dada voz de pris\u00e3o ao autor, de 23 anos, com passagens por: furto e tr\u00e1fico de drogas.<\/div>\n<div dir=\"auto\"><\/div>\n<\/div>\n<div class=\"x11i5rnm xat24cr x1mh8g0r x1vvkbs xtlvy1s x126k92a\">\n<div dir=\"auto\">O autor foi apresentado \u00e0 delegacia local para demais procedimentos.<\/div>\n<div dir=\"auto\"><\/div>\n<\/div>\n<div class=\"x11i5rnm xat24cr x1mh8g0r x1vvkbs xtlvy1s x126k92a\">\n<div dir=\"auto\">Fonte: P\/5 do 46\u00b0BPM<\/div>\n<\/div>\n","protected":false},"excerpt":{"rendered":"<p>Os\u00a0 policiais militares de Chapad\u00e3o do C\u00e9u, do grupo T\u00e1tico, receberam informa\u00e7\u00f5es de\u00a0 um furto ocorrido em um estabelecimento comercial,durante a madrugada do dia 13. Ap\u00f3s verificar as imagens das c\u00e2meras de seguran\u00e7a do estabelecimento, a os policiais\u00a0 reconheceram o suspeito pelo modo de andar nas imagens das c\u00e2meras. Enquanto realizavam patrulhamento, avistaram o suspeito [&hellip;]<\/p>\n","protected":false},"author":4,"featured_media":228247,"comment_status":"closed","ping_status":"closed","sticky":false,"template":"","format":"standard","meta":{"footnotes":""},"categories":[22,38],"tags":[],"class_list":["post-228244","post","type-post","status-publish","format-standard","has-post-thumbnail","hentry","category-chapadao-do-ceu","category-policia"],"_links":{"self":[{"href":"https:\/\/www.ocorreionews.com.br\/acervo-correio\/index.php?rest_route=\/wp\/v2\/posts\/228244","targetHints":{"allow":["GET"]}}],"collection":[{"href":"https:\/\/www.ocorreionews.com.br\/acervo-correio\/index.php?rest_route=\/wp\/v2\/posts"}],"about":[{"href":"https:\/\/www.ocorreionews.com.br\/acervo-correio\/index.php?rest_route=\/wp\/v2\/types\/post"}],"author":[{"embeddable":true,"href":"https:\/\/www.ocorreionews.com.br\/acervo-correio\/index.php?rest_route=\/wp\/v2\/users\/4"}],"replies":[{"embeddable":true,"href":"https:\/\/www.ocorreionews.com.br\/acervo-correio\/index.php?rest_route=%2Fwp%2Fv2%2Fcomments&post=228244"}],"version-history":[{"count":1,"href":"https:\/\/www.ocorreionews.com.br\/acervo-correio\/index.php?rest_route=\/wp\/v2\/posts\/228244\/revisions"}],"predecessor-version":[{"id":228249,"href":"https:\/\/www.ocorreionews.com.br\/acervo-correio\/index.php?rest_route=\/wp\/v2\/posts\/228244\/revisions\/228249"}],"wp:featuredmedia":[{"embeddable":true,"href":"https:\/\/www.ocorreionews.com.br\/acervo-correio\/index.php?rest_route=\/wp\/v2\/media\/228247"}],"wp:attachment":[{"href":"https:\/\/www.ocorreionews.com.br\/acervo-correio\/index.php?rest_route=%2Fwp%2Fv2%2Fmedia&parent=228244"}],"wp:term":[{"taxonomy":"category","embeddable":true,"href":"https:\/\/www.ocorreionews.com.br\/acervo-correio\/index.php?rest_route=%2Fwp%2Fv2%2Fcategories&post=228244"},{"taxonomy":"post_tag","embeddable":true,"href":"https:\/\/www.ocorreionews.com.br\/acervo-correio\/index.php?rest_route=%2Fwp%2Fv2%2Ftags&post=228244"}],"curies":[{"name":"wp","href":"https:\/\/api.w.org\/{rel}","templated":true}]}}