{"id":228344,"date":"2023-01-16T10:46:12","date_gmt":"2023-01-16T14:46:12","guid":{"rendered":"https:\/\/www.ocorreionews.com.br\/acervo-correio\/?p=228344"},"modified":"2023-01-16T10:46:12","modified_gmt":"2023-01-16T14:46:12","slug":"me-prende-jovem-embriagado-pede-pra-ser-preso-apos-causar-acidente-e-ameacar-companheira","status":"publish","type":"post","link":"https:\/\/www.ocorreionews.com.br\/acervo-correio\/?p=228344","title":{"rendered":"\u201cME PRENDE\u201d Jovem embriagado pede pra ser preso ap\u00f3s causar acidente e amea\u00e7ar companheira"},"content":{"rendered":"<p>Na madrugada deste domingo (15), um homem foi preso depois de colidir seu ve\u00edculo em uma cerca, socar o vidro e ainda amea\u00e7ar sua companheira de morte na cidade de Costa Rica.<\/p>\n<p>De acordo o Boletim de Ocorr\u00eancia,\u00a0 por volta da 04h40min deste domingo, uma viatura da PM foi acionada informando que um ve\u00edculo teria se chocado em uma cerca na Rua Jose Leobino. No local, os militares encontraram o motorista do ve\u00edculo E.L.S.B, 24 anos com bra\u00e7o ensanguentado e o ve\u00edculo em cima da cal\u00e7ada e o vidro traseiro quebrado. Durante abordagem verificou que o indiv\u00edduo estava bastante alterado e chorando, pedindo para que os policias o prendessem.<\/p>\n<p>Ainda segundo o B.O, uma jovem T.T.G, 24 anos, informou que seu marido era o condutor do ve\u00edculo e que ficou bastante agitado quando ela o chamou para ir embora e teria sa\u00eddo com ve\u00edculo e colidido com uma cerca de alambrado, por\u00e9m n\u00e3o chegou a danific\u00e1-la, e ap\u00f3s essa colis\u00e3o, desceu do ve\u00edculo e deu um soco no vidro do carro. A jovem ainda informou que \u00a0o seu companheiro ap\u00f3s colis\u00e3o, ainda \u00a0a amea\u00e7ou de morte e que tamb\u00e9m teria medida protetiva contra ele, j\u00e1 que sofre epis\u00f3dios constantes de viol\u00eancia dom\u00e9stica, sendo o \u00faltimo em Novembro\/2022.<\/p>\n<p>Os militares realizaram o teste de baf\u00f4metro sendo constatado 1,17 mg\/l e com isso feita a pris\u00e3o do Autor por Conduzir ve\u00edculo com capacidade Psicomotora alterada em raz\u00e3o da influ\u00eancia de \u00e1lcool ou de outra substancia que determine depend\u00eancia. Amea\u00e7a (viol\u00eancia Dom\u00e9stica). Descumprimento de decis\u00e3o judicial que defere medida protetiva de urg\u00eancia prevista nesta Lei.<\/p>\n<p>&nbsp;<\/p>\n<p><em>*O Correio News, com informa\u00e7\u00f5es da Assessoria de Comunica\u00e7\u00e3o da 4\u00aaCIPM<\/em><\/p>\n","protected":false},"excerpt":{"rendered":"<p>Na madrugada deste domingo (15), um homem foi preso depois de colidir seu ve\u00edculo em uma cerca, socar o vidro e ainda amea\u00e7ar sua companheira de morte na cidade de Costa Rica. De acordo o Boletim de Ocorr\u00eancia,\u00a0 por volta da 04h40min deste domingo, uma viatura da PM foi acionada informando que um ve\u00edculo teria [&hellip;]<\/p>\n","protected":false},"author":5,"featured_media":179214,"comment_status":"closed","ping_status":"closed","sticky":false,"template":"","format":"standard","meta":{"footnotes":""},"categories":[25,38],"tags":[],"class_list":["post-228344","post","type-post","status-publish","format-standard","has-post-thumbnail","hentry","category-costa-rica","category-policia"],"_links":{"self":[{"href":"https:\/\/www.ocorreionews.com.br\/acervo-correio\/index.php?rest_route=\/wp\/v2\/posts\/228344","targetHints":{"allow":["GET"]}}],"collection":[{"href":"https:\/\/www.ocorreionews.com.br\/acervo-correio\/index.php?rest_route=\/wp\/v2\/posts"}],"about":[{"href":"https:\/\/www.ocorreionews.com.br\/acervo-correio\/index.php?rest_route=\/wp\/v2\/types\/post"}],"author":[{"embeddable":true,"href":"https:\/\/www.ocorreionews.com.br\/acervo-correio\/index.php?rest_route=\/wp\/v2\/users\/5"}],"replies":[{"embeddable":true,"href":"https:\/\/www.ocorreionews.com.br\/acervo-correio\/index.php?rest_route=%2Fwp%2Fv2%2Fcomments&post=228344"}],"version-history":[{"count":1,"href":"https:\/\/www.ocorreionews.com.br\/acervo-correio\/index.php?rest_route=\/wp\/v2\/posts\/228344\/revisions"}],"predecessor-version":[{"id":228348,"href":"https:\/\/www.ocorreionews.com.br\/acervo-correio\/index.php?rest_route=\/wp\/v2\/posts\/228344\/revisions\/228348"}],"wp:featuredmedia":[{"embeddable":true,"href":"https:\/\/www.ocorreionews.com.br\/acervo-correio\/index.php?rest_route=\/wp\/v2\/media\/179214"}],"wp:attachment":[{"href":"https:\/\/www.ocorreionews.com.br\/acervo-correio\/index.php?rest_route=%2Fwp%2Fv2%2Fmedia&parent=228344"}],"wp:term":[{"taxonomy":"category","embeddable":true,"href":"https:\/\/www.ocorreionews.com.br\/acervo-correio\/index.php?rest_route=%2Fwp%2Fv2%2Fcategories&post=228344"},{"taxonomy":"post_tag","embeddable":true,"href":"https:\/\/www.ocorreionews.com.br\/acervo-correio\/index.php?rest_route=%2Fwp%2Fv2%2Ftags&post=228344"}],"curies":[{"name":"wp","href":"https:\/\/api.w.org\/{rel}","templated":true}]}}