{"id":228358,"date":"2023-01-16T12:12:16","date_gmt":"2023-01-16T16:12:16","guid":{"rendered":"https:\/\/www.ocorreionews.com.br\/acervo-correio\/?p=228358"},"modified":"2023-01-16T20:41:04","modified_gmt":"2023-01-17T00:41:04","slug":"novas-informacoes-grave-acidente-em-cassilandia-onde-duas-mulheres-morreram-e-uma-crianca-esta-em-estado-gravissimo","status":"publish","type":"post","link":"https:\/\/www.ocorreionews.com.br\/acervo-correio\/?p=228358","title":{"rendered":"Novas informa\u00e7\u00f5es grave acidente em Cassil\u00e2ndia, onde duas mulheres morreram e uma crian\u00e7a est\u00e1 em estado grav\u00edssimo"},"content":{"rendered":"<p>Novas informa\u00e7\u00f5es sobre o acidente que aconteceu na manh\u00e3 desta segunda-feira (16), na MS 306 no Km 200, onde duas mulheres acabaram morrendo no local e uma crian\u00e7a de 5 anos foi socorrida em estado grav\u00edssimo.<\/p>\n<p>Segundo informa\u00e7\u00f5es do Sargento Magalh\u00e3es durante entrevista Radio Patriarca, o acidente aconteceu logo ap\u00f3s uma ponte, onde um Fiat Palio Adventure colidiu frontalmente com Hyundai Creta com placas de Cuiab\u00e1 MT. No Palio estava quatro pessoas, sendo tr\u00eas mulheres onde duas morreram presas a ferragem e uma crian\u00e7a de 05 anos (n\u00e3o como duas como noticiamos erroneamente antes), j\u00e1 no Creta estava um casal e duas crian\u00e7as, ambos tiverem ferimentos leves.<\/p>\n<p>Segundo informa\u00e7\u00f5es que chegaram at\u00e9 a nossa reportagem, a crian\u00e7a que estava no Fiat foi transferida em vaga zero para cidade de Tr\u00eas Lagoas e a outra mulher ainda estava internada na Santa Casa de Cassil\u00e2ndia em estado grave.<\/p>\n<p>De acordo com informa\u00e7\u00f5es do motorista do Creta, ele seguida sentido a Chapad\u00e3o do Sul momento em que o Palio invadiu sua via, mesmo ele tentado desviar acabou colidindo com ve\u00edculo, com impacto o Creta capotou e parou com as rodas para cima. Mas os policias investigaram as causas do acidente<\/p>\n<p>As vitimas fatais seriam moradoras da cidade de Cassil\u00e2ndia e estaria no Distrito do Indai\u00e1 do Sul participando de um retiro espiritual.<\/p>\n<p>&nbsp;<\/p>\n<p><a href=\"https:\/\/www.ocorreionews.com.br\/acervo-correio\/wp-content\/uploads\/2023\/01\/aci-galheiro2.jpg\"><img loading=\"lazy\" decoding=\"async\" class=\"alignnone size-full wp-image-228350\" src=\"https:\/\/www.ocorreionews.com.br\/acervo-correio\/wp-content\/uploads\/2023\/01\/aci-galheiro2.jpg\" alt=\"\" width=\"1080\" height=\"788\" srcset=\"https:\/\/www.ocorreionews.com.br\/acervo-correio\/wp-content\/uploads\/2023\/01\/aci-galheiro2.jpg 1080w, https:\/\/www.ocorreionews.com.br\/acervo-correio\/wp-content\/uploads\/2023\/01\/aci-galheiro2-300x219.jpg 300w, https:\/\/www.ocorreionews.com.br\/acervo-correio\/wp-content\/uploads\/2023\/01\/aci-galheiro2-1024x747.jpg 1024w, https:\/\/www.ocorreionews.com.br\/acervo-correio\/wp-content\/uploads\/2023\/01\/aci-galheiro2-768x560.jpg 768w, https:\/\/www.ocorreionews.com.br\/acervo-correio\/wp-content\/uploads\/2023\/01\/aci-galheiro2-86x64.jpg 86w\" sizes=\"auto, (max-width: 1080px) 100vw, 1080px\" \/><\/a> <a href=\"https:\/\/www.ocorreionews.com.br\/acervo-correio\/wp-content\/uploads\/2023\/01\/aci-galheiro3.jpg\"><img loading=\"lazy\" decoding=\"async\" class=\"alignnone size-full wp-image-228351\" src=\"https:\/\/www.ocorreionews.com.br\/acervo-correio\/wp-content\/uploads\/2023\/01\/aci-galheiro3.jpg\" alt=\"\" width=\"1080\" height=\"777\" srcset=\"https:\/\/www.ocorreionews.com.br\/acervo-correio\/wp-content\/uploads\/2023\/01\/aci-galheiro3.jpg 1080w, https:\/\/www.ocorreionews.com.br\/acervo-correio\/wp-content\/uploads\/2023\/01\/aci-galheiro3-300x216.jpg 300w, https:\/\/www.ocorreionews.com.br\/acervo-correio\/wp-content\/uploads\/2023\/01\/aci-galheiro3-1024x737.jpg 1024w, https:\/\/www.ocorreionews.com.br\/acervo-correio\/wp-content\/uploads\/2023\/01\/aci-galheiro3-768x553.jpg 768w\" sizes=\"auto, (max-width: 1080px) 100vw, 1080px\" \/><\/a> <a href=\"https:\/\/www.ocorreionews.com.br\/acervo-correio\/wp-content\/uploads\/2023\/01\/aci-galheiro34.jpg\"><img loading=\"lazy\" decoding=\"async\" class=\"alignnone size-full wp-image-228352\" src=\"https:\/\/www.ocorreionews.com.br\/acervo-correio\/wp-content\/uploads\/2023\/01\/aci-galheiro34.jpg\" alt=\"\" width=\"1080\" height=\"775\" srcset=\"https:\/\/www.ocorreionews.com.br\/acervo-correio\/wp-content\/uploads\/2023\/01\/aci-galheiro34.jpg 1080w, https:\/\/www.ocorreionews.com.br\/acervo-correio\/wp-content\/uploads\/2023\/01\/aci-galheiro34-300x215.jpg 300w, https:\/\/www.ocorreionews.com.br\/acervo-correio\/wp-content\/uploads\/2023\/01\/aci-galheiro34-1024x735.jpg 1024w, https:\/\/www.ocorreionews.com.br\/acervo-correio\/wp-content\/uploads\/2023\/01\/aci-galheiro34-768x551.jpg 768w\" sizes=\"auto, (max-width: 1080px) 100vw, 1080px\" \/><\/a><\/p>\n<p>Fotos Corino Alvarenga\/ cassilandia urgente<\/p>\n<p>&nbsp;<\/p>\n","protected":false},"excerpt":{"rendered":"<p>Novas informa\u00e7\u00f5es sobre o acidente que aconteceu na manh\u00e3 desta segunda-feira (16), na MS 306 no Km 200, onde duas mulheres acabaram morrendo no local e uma crian\u00e7a de 5 anos foi socorrida em estado grav\u00edssimo. Segundo informa\u00e7\u00f5es do Sargento Magalh\u00e3es durante entrevista Radio Patriarca, o acidente aconteceu logo ap\u00f3s uma ponte, onde um Fiat [&hellip;]<\/p>\n","protected":false},"author":5,"featured_media":228349,"comment_status":"closed","ping_status":"closed","sticky":false,"template":"","format":"standard","meta":{"footnotes":""},"categories":[21,41],"tags":[],"class_list":["post-228358","post","type-post","status-publish","format-standard","has-post-thumbnail","hentry","category-cassilandia","category-destaque"],"_links":{"self":[{"href":"https:\/\/www.ocorreionews.com.br\/acervo-correio\/index.php?rest_route=\/wp\/v2\/posts\/228358","targetHints":{"allow":["GET"]}}],"collection":[{"href":"https:\/\/www.ocorreionews.com.br\/acervo-correio\/index.php?rest_route=\/wp\/v2\/posts"}],"about":[{"href":"https:\/\/www.ocorreionews.com.br\/acervo-correio\/index.php?rest_route=\/wp\/v2\/types\/post"}],"author":[{"embeddable":true,"href":"https:\/\/www.ocorreionews.com.br\/acervo-correio\/index.php?rest_route=\/wp\/v2\/users\/5"}],"replies":[{"embeddable":true,"href":"https:\/\/www.ocorreionews.com.br\/acervo-correio\/index.php?rest_route=%2Fwp%2Fv2%2Fcomments&post=228358"}],"version-history":[{"count":1,"href":"https:\/\/www.ocorreionews.com.br\/acervo-correio\/index.php?rest_route=\/wp\/v2\/posts\/228358\/revisions"}],"predecessor-version":[{"id":228458,"href":"https:\/\/www.ocorreionews.com.br\/acervo-correio\/index.php?rest_route=\/wp\/v2\/posts\/228358\/revisions\/228458"}],"wp:featuredmedia":[{"embeddable":true,"href":"https:\/\/www.ocorreionews.com.br\/acervo-correio\/index.php?rest_route=\/wp\/v2\/media\/228349"}],"wp:attachment":[{"href":"https:\/\/www.ocorreionews.com.br\/acervo-correio\/index.php?rest_route=%2Fwp%2Fv2%2Fmedia&parent=228358"}],"wp:term":[{"taxonomy":"category","embeddable":true,"href":"https:\/\/www.ocorreionews.com.br\/acervo-correio\/index.php?rest_route=%2Fwp%2Fv2%2Fcategories&post=228358"},{"taxonomy":"post_tag","embeddable":true,"href":"https:\/\/www.ocorreionews.com.br\/acervo-correio\/index.php?rest_route=%2Fwp%2Fv2%2Ftags&post=228358"}],"curies":[{"name":"wp","href":"https:\/\/api.w.org\/{rel}","templated":true}]}}