{"id":228365,"date":"2023-01-16T14:13:08","date_gmt":"2023-01-16T18:13:08","guid":{"rendered":"https:\/\/www.ocorreionews.com.br\/acervo-correio\/?p=228365"},"modified":"2023-01-16T16:39:24","modified_gmt":"2023-01-16T20:39:24","slug":"homem-e-suspeito-de-matar-a-esposa-tres-filhos-dela-e-se-matar-em-apore-go","status":"publish","type":"post","link":"https:\/\/www.ocorreionews.com.br\/acervo-correio\/?p=228365","title":{"rendered":"Homem \u00e9 suspeito de matar a esposa, tr\u00eas filhos dela e se matar em Apor\u00e9- GO"},"content":{"rendered":"<div id=\"chunk-17pi5\">\n<div class=\"mc-column content-text active-extra-styles \" data-block-type=\"unstyled\" data-block-weight=\"45\" data-block-id=\"3\"><\/div>\n<\/div>\n<div class=\"wall protected-content\">\n<div class=\"mc-column content-text active-extra-styles\" data-block-type=\"raw\" data-block-weight=\"35\" data-block-id=\"9\">\n<div id=\"chunk-17pi5\">\n<div class=\"mc-column content-text active-extra-styles \" data-block-type=\"unstyled\" data-block-weight=\"51\" data-block-id=\"3\">\n<p class=\"content-text__container \" data-track-category=\"Link no Texto\" data-track-links=\"\">Um homem \u00e9 suspeito de matar a esposa, identificada como Priscila Oliveira Franco Mafra, e os tr\u00eas filhos dela, de 6, 8 e 13 anos em <a href=\"https:\/\/g1.globo.com\/go\/goias\/cidade\/apore\/\">Apor\u00e9<\/a>, na regi\u00e3o sudoeste de Goi\u00e1s. Segundo a Pol\u00edcia Civil, ap\u00f3s o crime, o suspeito do crime, que foi identificado como F\u00e1bio, se matou.<\/p>\n<p data-track-category=\"Link no Texto\" data-track-links=\"\">\n<\/div>\n<\/div>\n<div class=\"wall protected-content\">\n<div id=\"chunk-3ckah\">\n<div class=\"mc-column content-text active-extra-styles \" data-block-type=\"unstyled\" data-block-weight=\"30\" data-block-id=\"5\">\n<p class=\"content-text__container \" data-track-category=\"Link no Texto\" data-track-links=\"\">Os corpos foram achados na manh\u00e3 desta segunda-feira (16). O delegado Ederson Bueno informou que as v\u00edtimas foram encontradas mortas em uma fazenda, na zona rural, onde viviam.<\/p>\n<\/div>\n<\/div>\n<div class=\"mc-column content-text active-extra-styles\" data-block-type=\"raw\" data-block-weight=\"28\" data-block-id=\"6\">\n<p class=\"content-text__container\">\n<blockquote class=\"content-blockquote theme-border-color-primary-before\"><p>\u201cFoi em uma fazenda, na zona rural. A informa\u00e7\u00e3o a princ\u00edpio \u00e9 essa, que ele teria matado os tr\u00eas filhos, a esposa e se suicidado\u201d, disse o delegado.<\/p><\/blockquote>\n<\/div>\n<div id=\"chunk-f4rmk\">\n<div class=\"row medium-uncollapsed content-media content-photo\" data-block-type=\"backstage-photo\" data-block-id=\"10\">\n<div class=\"mc-column content-media__container\">\n<div class=\"content-media-container glb-skeleton-box\">\n<figure class=\"content-media-figure\"><img decoding=\"async\" class=\"i-amphtml-fill-content i-amphtml-replaced-content\" src=\"https:\/\/s2.glbimg.com\/VSRxJ5Co-QIngmv5_-ffw4xS0_4=\/0x0:1700x1065\/984x0\/smart\/filters:strip_icc()\/i.s3.glbimg.com\/v1\/AUTH_59edd422c0c84a879bd37670ae4f538a\/internal_photos\/bs\/2023\/N\/U\/gj4iG2R96XLXKlaFlBwg\/foto-g1-11-.png\" sizes=\"(max-width: 1366px) 648px, 100vw\" srcset=\"https:\/\/s2.glbimg.com\/KtDE7B0rGaOWjQbMbSbriTXcF_Y=\/0x0:1700x1065\/1000x0\/smart\/filters:strip_icc()\/i.s3.glbimg.com\/v1\/AUTH_59edd422c0c84a879bd37670ae4f538a\/internal_photos\/bs\/2023\/N\/U\/gj4iG2R96XLXKlaFlBwg\/foto-g1-11-.png 1000w, https:\/\/s2.glbimg.com\/VSRxJ5Co-QIngmv5_-ffw4xS0_4=\/0x0:1700x1065\/984x0\/smart\/filters:strip_icc()\/i.s3.glbimg.com\/v1\/AUTH_59edd422c0c84a879bd37670ae4f538a\/internal_photos\/bs\/2023\/N\/U\/gj4iG2R96XLXKlaFlBwg\/foto-g1-11-.png 984w, https:\/\/s2.glbimg.com\/NtZc6wi3A0r08QLMCilY6saeLUw=\/0x0:1700x1065\/640x0\/smart\/filters:strip_icc()\/i.s3.glbimg.com\/v1\/AUTH_59edd422c0c84a879bd37670ae4f538a\/internal_photos\/bs\/2023\/N\/U\/gj4iG2R96XLXKlaFlBwg\/foto-g1-11-.png 640w, https:\/\/s2.glbimg.com\/H4_oWtrsngmeL4gdq3DrwbzJ88U=\/0x0:1700x1065\/600x0\/smart\/filters:strip_icc()\/i.s3.glbimg.com\/v1\/AUTH_59edd422c0c84a879bd37670ae4f538a\/internal_photos\/bs\/2023\/N\/U\/gj4iG2R96XLXKlaFlBwg\/foto-g1-11-.png 600w\" alt=\"Homem \u00e9 suspeito de matar mulher, tr\u00eas filhos e se matar, em Apor\u00e9, Goi\u00e1s \u2014 Foto: Divulga\u00e7\u00e3o\/Pol\u00edcia Cient\u00edfica de Jata\u00ed\" \/><\/figure>\n<\/div>\n<p class=\"content-media__description \">Homem \u00e9 suspeito de matar mulher, tr\u00eas filhos e se matar, em Apor\u00e9, Goi\u00e1s \u2014 Foto: Divulga\u00e7\u00e3o\/Pol\u00edcia Cient\u00edfica de Jata\u00ed<\/p>\n<\/div>\n<\/div>\n<\/div>\n<div id=\"chunk-3lghh\">\n<div class=\"mc-column content-text active-extra-styles \" data-block-type=\"unstyled\" data-block-weight=\"49\" data-block-id=\"11\">\n<p class=\"content-text__container \" data-track-category=\"Link no Texto\" data-track-links=\"\">A m\u00e3e das crian\u00e7as \u00e9 ex-servidora da Prefeitura de Serran\u00f3polis, de acordo com informa\u00e7\u00f5es do munic\u00edpio. No local, ela trabalhava como coordenadora de um Centro de Refer\u00eancia de Assist\u00eancia Social (CRAS). Segundo a prefeitura, os filhos dela, que tamb\u00e9m morreram, se chamam Danilo Junior, Savana Daniele e Guilherme.<\/p>\n<\/div>\n<\/div>\n<div id=\"chunk-49stv\">\n<div class=\"mc-column content-text active-extra-styles \" data-block-type=\"unstyled\" data-block-weight=\"39\" data-block-id=\"12\">\n<p class=\"content-text__container \" data-track-category=\"Link no Texto\" data-track-links=\"\">De acordo com o delegado, a per\u00edcia da Pol\u00edcia Cient\u00edfica esteve no local. A PC disse, por volta de 13h desta segunda-feira, que ainda n\u00e3o havia mais informa\u00e7\u00f5es, porque a Pol\u00edcia Militar ainda n\u00e3o tinha fechado a ocorr\u00eancia.<\/p>\n<\/div>\n<\/div>\n<div id=\"chunk-cfn07\"><\/div>\n<div id=\"chunk-9b8j5\">\n<div class=\"mc-column content-text active-extra-styles \" data-block-type=\"unstyled\" data-block-weight=\"26\" data-block-id=\"14\">\n<p class=\"content-text__container \" data-track-category=\"Link no Texto\" data-track-links=\"\">O <a href=\"https:\/\/g1.globo.com\/go\/goias\/\"><strong>g1 <\/strong><\/a>tentou contato com a Pol\u00edcia Militar, por liga\u00e7\u00e3o e mensagens por volta de 13h, para saber mais informa\u00e7\u00f5es da ocorr\u00eancia, e aguarda retorno.<\/p>\n<\/div>\n<\/div>\n<\/div>\n<p>&nbsp;<\/p>\n<\/div>\n<div id=\"chunk-f4rmk\">\n<div class=\"row medium-uncollapsed content-media content-photo\" data-block-type=\"backstage-photo\" data-block-id=\"10\">\n<div class=\"mc-column content-media__container\">\n<div class=\"content-media-container glb-skeleton-box\">\n<figure class=\"content-media-figure\">\n<p><figure style=\"width: 647px\" class=\"wp-caption aligncenter\"><img loading=\"lazy\" decoding=\"async\" class=\"i-amphtml-fill-content i-amphtml-replaced-content\" src=\"https:\/\/s2.glbimg.com\/VSRxJ5Co-QIngmv5_-ffw4xS0_4=\/0x0:1700x1065\/984x0\/smart\/filters:strip_icc()\/i.s3.glbimg.com\/v1\/AUTH_59edd422c0c84a879bd37670ae4f538a\/internal_photos\/bs\/2023\/N\/U\/gj4iG2R96XLXKlaFlBwg\/foto-g1-11-.png\" sizes=\"auto, (max-width: 1366px) 648px, 100vw\" srcset=\"https:\/\/s2.glbimg.com\/KtDE7B0rGaOWjQbMbSbriTXcF_Y=\/0x0:1700x1065\/1000x0\/smart\/filters:strip_icc()\/i.s3.glbimg.com\/v1\/AUTH_59edd422c0c84a879bd37670ae4f538a\/internal_photos\/bs\/2023\/N\/U\/gj4iG2R96XLXKlaFlBwg\/foto-g1-11-.png 1000w, https:\/\/s2.glbimg.com\/VSRxJ5Co-QIngmv5_-ffw4xS0_4=\/0x0:1700x1065\/984x0\/smart\/filters:strip_icc()\/i.s3.glbimg.com\/v1\/AUTH_59edd422c0c84a879bd37670ae4f538a\/internal_photos\/bs\/2023\/N\/U\/gj4iG2R96XLXKlaFlBwg\/foto-g1-11-.png 984w, https:\/\/s2.glbimg.com\/NtZc6wi3A0r08QLMCilY6saeLUw=\/0x0:1700x1065\/640x0\/smart\/filters:strip_icc()\/i.s3.glbimg.com\/v1\/AUTH_59edd422c0c84a879bd37670ae4f538a\/internal_photos\/bs\/2023\/N\/U\/gj4iG2R96XLXKlaFlBwg\/foto-g1-11-.png 640w, https:\/\/s2.glbimg.com\/H4_oWtrsngmeL4gdq3DrwbzJ88U=\/0x0:1700x1065\/600x0\/smart\/filters:strip_icc()\/i.s3.glbimg.com\/v1\/AUTH_59edd422c0c84a879bd37670ae4f538a\/internal_photos\/bs\/2023\/N\/U\/gj4iG2R96XLXKlaFlBwg\/foto-g1-11-.png 600w\" alt=\"Homem \u00e9 suspeito de matar mulher, tr\u00eas filhos e se matar, em Apor\u00e9, Goi\u00e1s \u2014 Foto: Divulga\u00e7\u00e3o\/Pol\u00edcia Cient\u00edfica de Jata\u00ed\" width=\"647\" height=\"405\" \/><figcaption class=\"wp-caption-text\">Homem \u00e9 suspeito de matar mulher, tr\u00eas filhos e se matar, em Apor\u00e9, Goi\u00e1s \u2014 Foto: Divulga\u00e7\u00e3o\/Pol\u00edcia Cient\u00edfica de Jata\u00ed<\/figcaption><\/figure><\/figure>\n<\/div>\n<p class=\"content-media__description \">\n<\/div>\n<\/div>\n<\/div>\n<div id=\"chunk-3lghh\">\n<div class=\"mc-column content-text active-extra-styles \" data-block-type=\"unstyled\" data-block-weight=\"49\" data-block-id=\"11\"><\/div>\n<\/div>\n<div id=\"chunk-9b8j5\">\n<div class=\"mc-column content-text active-extra-styles \" data-block-type=\"unstyled\" data-block-weight=\"26\" data-block-id=\"14\">\n<p class=\"content-text__container \" data-track-category=\"Link no Texto\" data-track-links=\"\">\n<\/div>\n<\/div>\n<div id=\"chunk-dpm9c\">\n<p class=\"content-text__container \" data-track-category=\"Link no Texto\" data-track-links=\"\">\n<\/div>\n<div id=\"chunk-67tms\">\n<div class=\"row medium-uncollapsed content-media content-photo\" data-block-type=\"backstage-photo\" data-block-id=\"16\">\n<div class=\"mc-column content-media__container\">\n<div class=\"content-media-container glb-skeleton-box\">\n<figure class=\"content-media-figure\">\n<p><figure style=\"width: 647px\" class=\"wp-caption aligncenter\"><img loading=\"lazy\" decoding=\"async\" class=\"i-amphtml-fill-content i-amphtml-replaced-content\" src=\"https:\/\/s2.glbimg.com\/2iFLBDhAGB0MkJIoInXF9XF4Ffo=\/0x0:1700x1065\/984x0\/smart\/filters:strip_icc()\/i.s3.glbimg.com\/v1\/AUTH_59edd422c0c84a879bd37670ae4f538a\/internal_photos\/bs\/2023\/f\/c\/DKftpDQhuHdxsLpEDq2Q\/mae-e-filhos-mortos-2.jpg\" sizes=\"auto, (max-width: 1366px) 648px, 100vw\" srcset=\"https:\/\/s2.glbimg.com\/oUsp8P5afm-cn_ezs9HqF6JysUM=\/0x0:1700x1065\/1000x0\/smart\/filters:strip_icc()\/i.s3.glbimg.com\/v1\/AUTH_59edd422c0c84a879bd37670ae4f538a\/internal_photos\/bs\/2023\/f\/c\/DKftpDQhuHdxsLpEDq2Q\/mae-e-filhos-mortos-2.jpg 1000w, https:\/\/s2.glbimg.com\/2iFLBDhAGB0MkJIoInXF9XF4Ffo=\/0x0:1700x1065\/984x0\/smart\/filters:strip_icc()\/i.s3.glbimg.com\/v1\/AUTH_59edd422c0c84a879bd37670ae4f538a\/internal_photos\/bs\/2023\/f\/c\/DKftpDQhuHdxsLpEDq2Q\/mae-e-filhos-mortos-2.jpg 984w, https:\/\/s2.glbimg.com\/-A2yEUgY_G5wxFn8M9pZ1J_nhoc=\/0x0:1700x1065\/640x0\/smart\/filters:strip_icc()\/i.s3.glbimg.com\/v1\/AUTH_59edd422c0c84a879bd37670ae4f538a\/internal_photos\/bs\/2023\/f\/c\/DKftpDQhuHdxsLpEDq2Q\/mae-e-filhos-mortos-2.jpg 640w, https:\/\/s2.glbimg.com\/ZMO4VFVba8agTlkDM0mNwo7KUrY=\/0x0:1700x1065\/600x0\/smart\/filters:strip_icc()\/i.s3.glbimg.com\/v1\/AUTH_59edd422c0c84a879bd37670ae4f538a\/internal_photos\/bs\/2023\/f\/c\/DKftpDQhuHdxsLpEDq2Q\/mae-e-filhos-mortos-2.jpg 600w\" alt=\"Homem \u00e9 suspeito de matar mulher, tr\u00eas filhos e se matar, em Apor\u00e9, Goi\u00e1s \u2014 Foto: Divulga\u00e7\u00e3o\/Pol\u00edcia Cient\u00edfica de Jata\u00ed\" width=\"647\" height=\"405\" \/><figcaption class=\"wp-caption-text\">Homem \u00e9 suspeito de matar mulher, tr\u00eas filhos e se matar, em Apor\u00e9, Goi\u00e1s \u2014 Foto: Divulga\u00e7\u00e3o\/Pol\u00edcia Cient\u00edfica de Jata\u00ed<\/figcaption><\/figure><\/figure>\n<\/div>\n<\/div>\n<p>&nbsp;<\/p>\n<div class=\"mc-column content-media__container\">\n<p class=\"content-publication-data__from\" title=\"Danielle Oliveira, g1 Goi\u00e1s\">Por Danielle Oliveira, g1 Goi\u00e1s<\/p>\n<\/div>\n<\/div>\n<\/div>\n<\/div>\n","protected":false},"excerpt":{"rendered":"<p>Um homem \u00e9 suspeito de matar a esposa, identificada como Priscila Oliveira Franco Mafra, e os tr\u00eas filhos dela, de 6, 8 e 13 anos em Apor\u00e9, na regi\u00e3o sudoeste de Goi\u00e1s. Segundo a Pol\u00edcia Civil, ap\u00f3s o crime, o suspeito do crime, que foi identificado como F\u00e1bio, se matou. Os corpos foram achados na [&hellip;]<\/p>\n","protected":false},"author":5,"featured_media":228366,"comment_status":"closed","ping_status":"closed","sticky":false,"template":"","format":"standard","meta":{"footnotes":""},"categories":[41,38],"tags":[],"class_list":["post-228365","post","type-post","status-publish","format-standard","has-post-thumbnail","hentry","category-destaque","category-policia"],"_links":{"self":[{"href":"https:\/\/www.ocorreionews.com.br\/acervo-correio\/index.php?rest_route=\/wp\/v2\/posts\/228365","targetHints":{"allow":["GET"]}}],"collection":[{"href":"https:\/\/www.ocorreionews.com.br\/acervo-correio\/index.php?rest_route=\/wp\/v2\/posts"}],"about":[{"href":"https:\/\/www.ocorreionews.com.br\/acervo-correio\/index.php?rest_route=\/wp\/v2\/types\/post"}],"author":[{"embeddable":true,"href":"https:\/\/www.ocorreionews.com.br\/acervo-correio\/index.php?rest_route=\/wp\/v2\/users\/5"}],"replies":[{"embeddable":true,"href":"https:\/\/www.ocorreionews.com.br\/acervo-correio\/index.php?rest_route=%2Fwp%2Fv2%2Fcomments&post=228365"}],"version-history":[{"count":1,"href":"https:\/\/www.ocorreionews.com.br\/acervo-correio\/index.php?rest_route=\/wp\/v2\/posts\/228365\/revisions"}],"predecessor-version":[{"id":228419,"href":"https:\/\/www.ocorreionews.com.br\/acervo-correio\/index.php?rest_route=\/wp\/v2\/posts\/228365\/revisions\/228419"}],"wp:featuredmedia":[{"embeddable":true,"href":"https:\/\/www.ocorreionews.com.br\/acervo-correio\/index.php?rest_route=\/wp\/v2\/media\/228366"}],"wp:attachment":[{"href":"https:\/\/www.ocorreionews.com.br\/acervo-correio\/index.php?rest_route=%2Fwp%2Fv2%2Fmedia&parent=228365"}],"wp:term":[{"taxonomy":"category","embeddable":true,"href":"https:\/\/www.ocorreionews.com.br\/acervo-correio\/index.php?rest_route=%2Fwp%2Fv2%2Fcategories&post=228365"},{"taxonomy":"post_tag","embeddable":true,"href":"https:\/\/www.ocorreionews.com.br\/acervo-correio\/index.php?rest_route=%2Fwp%2Fv2%2Ftags&post=228365"}],"curies":[{"name":"wp","href":"https:\/\/api.w.org\/{rel}","templated":true}]}}